{"id":1828,"date":"2019-03-12T14:56:58","date_gmt":"2019-03-12T14:56:58","guid":{"rendered":"https:\/\/el-perico.kaageg0-liquidwebsites.com\/?p=1828"},"modified":"2022-03-21T09:26:51","modified_gmt":"2022-03-21T13:26:51","slug":"no-puedo-votar-pero-mi-hija-puede","status":"publish","type":"post","link":"https:\/\/el-perico.com\/es\/no-puedo-votar-pero-mi-hija-puede\/","title":{"rendered":"No puedo votar pero mi hija puede"},"content":{"rendered":"<p>Sara Madeira vot\u00f3 por primera vez en las elecciones presidenciales del pasado mes de noviembre. El temor a la ret\u00f3rica antimigrante del entonces candidato Donald Trump fue el principal motivo para participar en los comicios. Este a\u00f1o, 2017, la joven de 23 a\u00f1os vot\u00f3 por segunda vez en las elecciones primarias para elegir el candidato a la gobernaci\u00f3n de Nueva Jersey. Sara confiesa que a pesar de no sentirse muy interesada por la pol\u00edtica, detr\u00e1s de ella hay una persona que la impulsa a participar en las elecciones y el activismo comunitario, su madre: Rossana Madeira.<br \/>\nRossana, oriunda de M\u00e9xico, aprendi\u00f3 hace cinco a\u00f1os que no se puede permanecer callado, en la sombras, con temor a demandar sus derechos, por el simple hecho de ser indocumentado. Ella sabe que no puede votar, pero comprende muy bien que si puede influenciar a sus familiares, amigos y a otros inmigrantes que tienen el derecho al voto, a participar en las elecciones.<br \/>\nRossana y su esposo, Wellington Madeira, oriundo de Brasil, viven en Estados Unidos desde 1989. La ciudad de Elizabeth, en el condado de Uni\u00f3n, ha sido su casa. Cuando llegaron a este pa\u00eds la situaci\u00f3n para los inmigrantes indocumentados era menos represiva. Abundaban los trabajos y pod\u00edan obtener licencias de manejar. Wellington durante 20 a\u00f1os se dedic\u00f3 a trabajar como conductor de limosinas en la ciudad de Nueva York. Sus ingresos le permit\u00eda a su familia tener una vida sencilla pero sin necesidades.<br \/>\nPero cinco a\u00f1os atr\u00e1s todo cambio. Wellington no pudo renovar su licencia de conducir por las restricciones a los indocumentados. Perdi\u00f3 el trabajo y as\u00ed comenzaron las necesidades econ\u00f3micas de su familia, al punto de quedar sin vivienda por no poder pagar el alquiler y tener que mudarse a vivir temporalmente en casas de parientes y amistades.<br \/>\nFue as\u00ed como Rossana comprendi\u00f3 que si los indocumentados no alzan su voz y participan para reclamar sus derechos, ning\u00fan pol\u00edtico va a tomarlos en consideraci\u00f3n. De all\u00ed que comenz\u00f3 a involucrase en su comunidad y se uni\u00f3 a la organizaci\u00f3n Se Hace Camino NJ (Make the Road, NJ). Junto a esta organizaci\u00f3n ha participado en diferentes campa\u00f1as, iniciativas y protestas para reclamar los derechos de la comunidad inmigrante.<br \/>\n\u201cAunque no tengamos papeles, los inmigrantes indocumentados pagamos impuestos y aportamos con nuestro trabajo a este pa\u00eds. Es justo que se nos respeten nuestros derechos\u201d, argumenta Rossana.<br \/>\nA trav\u00e9s de su activismo comunitario la mexicana logr\u00f3 que sus dos hijas nacidas en Estados Unidos, Sara y Esther, de 16 a\u00f1os, se interesen en las elecciones.<br \/>\n\u201cPara mi es muy importante que se elija a un gobernador que tome en cuenta los problemas de la comunidad inmigrante\u201d, dice Sara, quien est\u00e1 lista para votar por tercera vez el pr\u00f3ximo mes de noviembre en las elecciones para el nuevo gobernador del Estado.<br \/>\nLa joven se\u00f1ala que apoya al candidato dem\u00f3crata para la gobernaci\u00f3n, Phil Murphy, quien ha manifestado p\u00fablicamente y en reuniones con organizaciones pro inmigrantes su apoyo a las ciudades santuarios, las licencias de conducir para los inmigrantes indocumentados, el incremento del salario a $15 la hora, las identificaciones municipales, pol\u00edticas contra el robo de salario y el abuso laboral, ayuda financiera estatal para todos los j\u00f3venes que quieran estudiar en la universidad y colegios comunitarios del estado, sin importar su estatus migratorio, entre otras medidas que beneficiar\u00eda a la comunidad inmigrante del estado.<br \/>\nPese a que el compa\u00f1ero de f\u00f3rmula de la candidata republicana Kim Guadagno para vicegobernador es un hispano, el alcalde Carlos Rendo, Sara y su madre no apoyan a Guadagno, por considerar que la candidata y actual vicegobernadora ser\u00e1 una continuaci\u00f3n del gobierno de Chris Christie, de quien opinan no ha hecho nada por los inmigrantes. Del alcalde Rendo dicen no conocer su trayectoria ni sus propuestas.<br \/>\nRossana ha logrado motivar a su hija a que participe en los comicios electorales, y espera ansiosa poder alg\u00fan d\u00eda votar en las elecciones de este pa\u00eds luego de que logre regularizar su situaci\u00f3n migratoria. Pero su entusiasmo no ha contagiado a su esposo, quien se mantiene reacio a la pol\u00edtica.<br \/>\n\u201cYo todo lo que he logrado ha sido con mi trabajo y con la ayuda de Dios, a mi nadie me ha dado nada, si no trabajo no comemos\u201d, afirma Wellington Madeira, quien agrega que en cada elecci\u00f3n los pol\u00edticos dicen que van ayudar a los inmigrantes indocumentados y luego que est\u00e1n en el gobierno no hacen nada por ellos. \u201cNo es justo que en 28 a\u00f1os viviendo en este pa\u00eds, trabajando y pagando impuestos, no sea sino hasta ahora que vamos a poder tener documentos porque nuestra hija nos est\u00e1 pidiendo ante inmigraci\u00f3n. Yo no tengo tiempo para la pol\u00edtica, tengo que trabajar para ganar los centavos\u201d.<br \/>\nPese a su apat\u00eda y descontento hacia los pol\u00edticos, Wellington no le molesta que su esposa y su hija traten de lograr cambios a trav\u00e9s del activismo comunitario y el voto.<\/p>\n","protected":false},"excerpt":{"rendered":"<p>Sara Madeira vot\u00f3 por primera vez en las elecciones presidenciales del pasado mes de noviembre. El temor a la ret\u00f3rica antimigrante del entonces candidato Donald Trump fue el principal motivo para participar en los comicios. Este a\u00f1o, 2017, la joven de 23 a\u00f1os vot\u00f3 por segunda vez en las elecciones primarias para elegir el candidato [&hellip;]<\/p>\n","protected":false},"author":1,"featured_media":846,"comment_status":"open","ping_status":"closed","sticky":false,"template":"","format":"standard","meta":{"newspack_ads_suppress_ads":false,"_newspack_byline_active":false,"_newspack_byline":"","newspack_hide_updated_date":false,"newspack_show_updated_date":false,"newspack_content_restriction_is_exempt":false,"newspack_featured_image_position":"","newspack_post_subtitle":"","newspack_article_summary_title":"Overview:","newspack_article_summary":"","footnotes":""},"categories":[39],"tags":[],"newspack_spnsrs_tax":[],"coauthors":[1233],"class_list":["post-1828","post","type-post","status-publish","format-standard","has-post-thumbnail","hentry","category-comunidad","entry"],"yoast_head":"<!-- This site is optimized with the Yoast SEO plugin v27.4 - https:\/\/yoast.com\/product\/yoast-seo-wordpress\/ -->\n<title>No puedo votar pero mi hija puede - el perico<\/title>\n<meta name=\"robots\" content=\"index, follow, max-snippet:-1, max-image-preview:large, max-video-preview:-1\" \/>\n<link rel=\"canonical\" href=\"https:\/\/el-perico.com\/es\/no-puedo-votar-pero-mi-hija-puede\/\" \/>\n<meta property=\"og:locale\" content=\"es_ES\" \/>\n<meta property=\"og:type\" content=\"article\" \/>\n<meta property=\"og:title\" content=\"No puedo votar pero mi hija puede - el perico\" \/>\n<meta property=\"og:description\" content=\"Sara Madeira vot\u00f3 por primera vez en las elecciones presidenciales del pasado mes de noviembre. El temor a la ret\u00f3rica antimigrante del entonces candidato Donald Trump fue el principal motivo para participar en los comicios. Este a\u00f1o, 2017, la joven de 23 a\u00f1os vot\u00f3 por segunda vez en las elecciones primarias para elegir el candidato [&hellip;]\" \/>\n<meta property=\"og:url\" content=\"https:\/\/el-perico.com\/es\/no-puedo-votar-pero-mi-hija-puede\/\" \/>\n<meta property=\"og:site_name\" content=\"el perico\" \/>\n<meta property=\"article:publisher\" content=\"https:\/\/www.facebook.com\/elpericoomaha\" \/>\n<meta property=\"article:published_time\" content=\"2019-03-12T14:56:58+00:00\" \/>\n<meta property=\"article:modified_time\" content=\"2022-03-21T13:26:51+00:00\" \/>\n<meta name=\"author\" content=\"El Perico Staff\" \/>\n<meta name=\"twitter:card\" content=\"summary_large_image\" \/>\n<meta name=\"twitter:label1\" content=\"Escrito por\" \/>\n\t<meta name=\"twitter:data1\" content=\"El Perico Staff\" \/>\n\t<meta name=\"twitter:label2\" content=\"Tiempo de lectura\" \/>\n\t<meta name=\"twitter:data2\" content=\"4 minutos\" \/>\n\t<meta name=\"twitter:label3\" content=\"Written by\" \/>\n\t<meta name=\"twitter:data3\" content=\"El Perico Staff\" \/>\n<script type=\"application\/ld+json\" class=\"yoast-schema-graph\">{\"@context\":\"https:\\\/\\\/schema.org\",\"@graph\":[{\"@type\":\"Article\",\"@id\":\"https:\\\/\\\/el-perico.com\\\/es\\\/no-puedo-votar-pero-mi-hija-puede\\\/#article\",\"isPartOf\":{\"@id\":\"https:\\\/\\\/el-perico.com\\\/es\\\/no-puedo-votar-pero-mi-hija-puede\\\/\"},\"author\":{\"name\":\"El Perico Staff\",\"@id\":\"https:\\\/\\\/el-perico.com\\\/es\\\/#\\\/schema\\\/person\\\/1956e5e63b94d4bd0daf30675bdf4a93\"},\"headline\":\"No puedo votar pero mi hija puede\",\"datePublished\":\"2019-03-12T14:56:58+00:00\",\"dateModified\":\"2022-03-21T13:26:51+00:00\",\"mainEntityOfPage\":{\"@id\":\"https:\\\/\\\/el-perico.com\\\/es\\\/no-puedo-votar-pero-mi-hija-puede\\\/\"},\"wordCount\":870,\"commentCount\":0,\"publisher\":{\"@id\":\"https:\\\/\\\/el-perico.com\\\/es\\\/#organization\"},\"image\":{\"@id\":\"https:\\\/\\\/el-perico.com\\\/es\\\/no-puedo-votar-pero-mi-hija-puede\\\/#primaryimage\"},\"thumbnailUrl\":\"\",\"articleSection\":[\"Comunidad\"],\"inLanguage\":\"es\",\"potentialAction\":[{\"@type\":\"CommentAction\",\"name\":\"Comment\",\"target\":[\"https:\\\/\\\/el-perico.com\\\/es\\\/no-puedo-votar-pero-mi-hija-puede\\\/#respond\"]}]},{\"@type\":\"WebPage\",\"@id\":\"https:\\\/\\\/el-perico.com\\\/es\\\/no-puedo-votar-pero-mi-hija-puede\\\/\",\"url\":\"https:\\\/\\\/el-perico.com\\\/es\\\/no-puedo-votar-pero-mi-hija-puede\\\/\",\"name\":\"No puedo votar pero mi hija puede - el perico\",\"isPartOf\":{\"@id\":\"https:\\\/\\\/el-perico.com\\\/es\\\/#website\"},\"primaryImageOfPage\":{\"@id\":\"https:\\\/\\\/el-perico.com\\\/es\\\/no-puedo-votar-pero-mi-hija-puede\\\/#primaryimage\"},\"image\":{\"@id\":\"https:\\\/\\\/el-perico.com\\\/es\\\/no-puedo-votar-pero-mi-hija-puede\\\/#primaryimage\"},\"thumbnailUrl\":\"\",\"datePublished\":\"2019-03-12T14:56:58+00:00\",\"dateModified\":\"2022-03-21T13:26:51+00:00\",\"breadcrumb\":{\"@id\":\"https:\\\/\\\/el-perico.com\\\/es\\\/no-puedo-votar-pero-mi-hija-puede\\\/#breadcrumb\"},\"inLanguage\":\"es\",\"potentialAction\":[{\"@type\":\"ReadAction\",\"target\":[\"https:\\\/\\\/el-perico.com\\\/es\\\/no-puedo-votar-pero-mi-hija-puede\\\/\"]}]},{\"@type\":\"ImageObject\",\"inLanguage\":\"es\",\"@id\":\"https:\\\/\\\/el-perico.com\\\/es\\\/no-puedo-votar-pero-mi-hija-puede\\\/#primaryimage\",\"url\":\"\",\"contentUrl\":\"\"},{\"@type\":\"BreadcrumbList\",\"@id\":\"https:\\\/\\\/el-perico.com\\\/es\\\/no-puedo-votar-pero-mi-hija-puede\\\/#breadcrumb\",\"itemListElement\":[{\"@type\":\"ListItem\",\"position\":1,\"name\":\"Home\",\"item\":\"https:\\\/\\\/el-perico.com\\\/es\\\/\"},{\"@type\":\"ListItem\",\"position\":2,\"name\":\"No puedo votar pero mi hija puede\"}]},{\"@type\":\"WebSite\",\"@id\":\"https:\\\/\\\/el-perico.com\\\/es\\\/#website\",\"url\":\"https:\\\/\\\/el-perico.com\\\/es\\\/\",\"name\":\"el perico\",\"description\":\"La plataforma original de noticias e informaci\u00f3n para la comunidad hispana de Omaha\",\"publisher\":{\"@id\":\"https:\\\/\\\/el-perico.com\\\/es\\\/#organization\"},\"potentialAction\":[{\"@type\":\"SearchAction\",\"target\":{\"@type\":\"EntryPoint\",\"urlTemplate\":\"https:\\\/\\\/el-perico.com\\\/es\\\/?s={search_term_string}\"},\"query-input\":{\"@type\":\"PropertyValueSpecification\",\"valueRequired\":true,\"valueName\":\"search_term_string\"}}],\"inLanguage\":\"es\"},{\"@type\":\"Organization\",\"@id\":\"https:\\\/\\\/el-perico.com\\\/es\\\/#organization\",\"name\":\"el perico\",\"url\":\"https:\\\/\\\/el-perico.com\\\/es\\\/\",\"logo\":{\"@type\":\"ImageObject\",\"inLanguage\":\"es\",\"@id\":\"https:\\\/\\\/el-perico.com\\\/es\\\/#\\\/schema\\\/logo\\\/image\\\/\",\"url\":\"https:\\\/\\\/el-perico.com\\\/wp-content\\\/uploads\\\/2024\\\/05\\\/ElPerico-Logo_NPM-1-e1717102187440.png\",\"contentUrl\":\"https:\\\/\\\/el-perico.com\\\/wp-content\\\/uploads\\\/2024\\\/05\\\/ElPerico-Logo_NPM-1-e1717102187440.png\",\"width\":648,\"height\":216,\"caption\":\"el perico\"},\"image\":{\"@id\":\"https:\\\/\\\/el-perico.com\\\/es\\\/#\\\/schema\\\/logo\\\/image\\\/\"},\"sameAs\":[\"https:\\\/\\\/www.facebook.com\\\/elpericoomaha\"]},{\"@type\":\"Person\",\"@id\":\"https:\\\/\\\/el-perico.com\\\/es\\\/#\\\/schema\\\/person\\\/1956e5e63b94d4bd0daf30675bdf4a93\",\"name\":\"El Perico Staff\",\"image\":{\"@type\":\"ImageObject\",\"inLanguage\":\"es\",\"@id\":\"https:\\\/\\\/secure.gravatar.com\\\/avatar\\\/701b23c665bfde9fd4d874d31feb4c16bf2ac173b2b0b7224dc39896d4cfc381?s=96&d=mm&r=g80b2efc5844e688a6ffb9340c789e4c4\",\"url\":\"https:\\\/\\\/secure.gravatar.com\\\/avatar\\\/701b23c665bfde9fd4d874d31feb4c16bf2ac173b2b0b7224dc39896d4cfc381?s=96&d=mm&r=g\",\"contentUrl\":\"https:\\\/\\\/secure.gravatar.com\\\/avatar\\\/701b23c665bfde9fd4d874d31feb4c16bf2ac173b2b0b7224dc39896d4cfc381?s=96&d=mm&r=g\",\"caption\":\"El Perico Staff\"},\"sameAs\":[\"https:\\\/\\\/el-perico.com\"],\"url\":\"https:\\\/\\\/el-perico.com\\\/es\\\/author\\\/af6f1d62_admin\\\/\"}]}<\/script>\n<!-- \/ Yoast SEO plugin. -->","yoast_head_json":{"title":"No puedo votar pero mi hija puede - el perico","robots":{"index":"index","follow":"follow","max-snippet":"max-snippet:-1","max-image-preview":"max-image-preview:large","max-video-preview":"max-video-preview:-1"},"canonical":"https:\/\/el-perico.com\/es\/no-puedo-votar-pero-mi-hija-puede\/","og_locale":"es_ES","og_type":"article","og_title":"No puedo votar pero mi hija puede - el perico","og_description":"Sara Madeira vot\u00f3 por primera vez en las elecciones presidenciales del pasado mes de noviembre. El temor a la ret\u00f3rica antimigrante del entonces candidato Donald Trump fue el principal motivo para participar en los comicios. Este a\u00f1o, 2017, la joven de 23 a\u00f1os vot\u00f3 por segunda vez en las elecciones primarias para elegir el candidato [&hellip;]","og_url":"https:\/\/el-perico.com\/es\/no-puedo-votar-pero-mi-hija-puede\/","og_site_name":"el perico","article_publisher":"https:\/\/www.facebook.com\/elpericoomaha","article_published_time":"2019-03-12T14:56:58+00:00","article_modified_time":"2022-03-21T13:26:51+00:00","author":"El Perico Staff","twitter_card":"summary_large_image","twitter_misc":{"Escrito por":"El Perico Staff","Tiempo de lectura":"4 minutos","Written by":"El Perico Staff"},"schema":{"@context":"https:\/\/schema.org","@graph":[{"@type":"Article","@id":"https:\/\/el-perico.com\/es\/no-puedo-votar-pero-mi-hija-puede\/#article","isPartOf":{"@id":"https:\/\/el-perico.com\/es\/no-puedo-votar-pero-mi-hija-puede\/"},"author":{"name":"El Perico Staff","@id":"https:\/\/el-perico.com\/es\/#\/schema\/person\/1956e5e63b94d4bd0daf30675bdf4a93"},"headline":"No puedo votar pero mi hija puede","datePublished":"2019-03-12T14:56:58+00:00","dateModified":"2022-03-21T13:26:51+00:00","mainEntityOfPage":{"@id":"https:\/\/el-perico.com\/es\/no-puedo-votar-pero-mi-hija-puede\/"},"wordCount":870,"commentCount":0,"publisher":{"@id":"https:\/\/el-perico.com\/es\/#organization"},"image":{"@id":"https:\/\/el-perico.com\/es\/no-puedo-votar-pero-mi-hija-puede\/#primaryimage"},"thumbnailUrl":"","articleSection":["Comunidad"],"inLanguage":"es","potentialAction":[{"@type":"CommentAction","name":"Comment","target":["https:\/\/el-perico.com\/es\/no-puedo-votar-pero-mi-hija-puede\/#respond"]}]},{"@type":"WebPage","@id":"https:\/\/el-perico.com\/es\/no-puedo-votar-pero-mi-hija-puede\/","url":"https:\/\/el-perico.com\/es\/no-puedo-votar-pero-mi-hija-puede\/","name":"No puedo votar pero mi hija puede - el perico","isPartOf":{"@id":"https:\/\/el-perico.com\/es\/#website"},"primaryImageOfPage":{"@id":"https:\/\/el-perico.com\/es\/no-puedo-votar-pero-mi-hija-puede\/#primaryimage"},"image":{"@id":"https:\/\/el-perico.com\/es\/no-puedo-votar-pero-mi-hija-puede\/#primaryimage"},"thumbnailUrl":"","datePublished":"2019-03-12T14:56:58+00:00","dateModified":"2022-03-21T13:26:51+00:00","breadcrumb":{"@id":"https:\/\/el-perico.com\/es\/no-puedo-votar-pero-mi-hija-puede\/#breadcrumb"},"inLanguage":"es","potentialAction":[{"@type":"ReadAction","target":["https:\/\/el-perico.com\/es\/no-puedo-votar-pero-mi-hija-puede\/"]}]},{"@type":"ImageObject","inLanguage":"es","@id":"https:\/\/el-perico.com\/es\/no-puedo-votar-pero-mi-hija-puede\/#primaryimage","url":"","contentUrl":""},{"@type":"BreadcrumbList","@id":"https:\/\/el-perico.com\/es\/no-puedo-votar-pero-mi-hija-puede\/#breadcrumb","itemListElement":[{"@type":"ListItem","position":1,"name":"Home","item":"https:\/\/el-perico.com\/es\/"},{"@type":"ListItem","position":2,"name":"No puedo votar pero mi hija puede"}]},{"@type":"WebSite","@id":"https:\/\/el-perico.com\/es\/#website","url":"https:\/\/el-perico.com\/es\/","name":"el perico","description":"La plataforma original de noticias e informaci\u00f3n para la comunidad hispana de Omaha","publisher":{"@id":"https:\/\/el-perico.com\/es\/#organization"},"potentialAction":[{"@type":"SearchAction","target":{"@type":"EntryPoint","urlTemplate":"https:\/\/el-perico.com\/es\/?s={search_term_string}"},"query-input":{"@type":"PropertyValueSpecification","valueRequired":true,"valueName":"search_term_string"}}],"inLanguage":"es"},{"@type":"Organization","@id":"https:\/\/el-perico.com\/es\/#organization","name":"el perico","url":"https:\/\/el-perico.com\/es\/","logo":{"@type":"ImageObject","inLanguage":"es","@id":"https:\/\/el-perico.com\/es\/#\/schema\/logo\/image\/","url":"https:\/\/el-perico.com\/wp-content\/uploads\/2024\/05\/ElPerico-Logo_NPM-1-e1717102187440.png","contentUrl":"https:\/\/el-perico.com\/wp-content\/uploads\/2024\/05\/ElPerico-Logo_NPM-1-e1717102187440.png","width":648,"height":216,"caption":"el perico"},"image":{"@id":"https:\/\/el-perico.com\/es\/#\/schema\/logo\/image\/"},"sameAs":["https:\/\/www.facebook.com\/elpericoomaha"]},{"@type":"Person","@id":"https:\/\/el-perico.com\/es\/#\/schema\/person\/1956e5e63b94d4bd0daf30675bdf4a93","name":"El Perico Staff","image":{"@type":"ImageObject","inLanguage":"es","@id":"https:\/\/secure.gravatar.com\/avatar\/701b23c665bfde9fd4d874d31feb4c16bf2ac173b2b0b7224dc39896d4cfc381?s=96&d=mm&r=g80b2efc5844e688a6ffb9340c789e4c4","url":"https:\/\/secure.gravatar.com\/avatar\/701b23c665bfde9fd4d874d31feb4c16bf2ac173b2b0b7224dc39896d4cfc381?s=96&d=mm&r=g","contentUrl":"https:\/\/secure.gravatar.com\/avatar\/701b23c665bfde9fd4d874d31feb4c16bf2ac173b2b0b7224dc39896d4cfc381?s=96&d=mm&r=g","caption":"El Perico Staff"},"sameAs":["https:\/\/el-perico.com"],"url":"https:\/\/el-perico.com\/es\/author\/af6f1d62_admin\/"}]}},"_links":{"self":[{"href":"https:\/\/el-perico.com\/es\/wp-json\/wp\/v2\/posts\/1828","targetHints":{"allow":["GET"]}}],"collection":[{"href":"https:\/\/el-perico.com\/es\/wp-json\/wp\/v2\/posts"}],"about":[{"href":"https:\/\/el-perico.com\/es\/wp-json\/wp\/v2\/types\/post"}],"author":[{"embeddable":true,"href":"https:\/\/el-perico.com\/es\/wp-json\/wp\/v2\/users\/1"}],"replies":[{"embeddable":true,"href":"https:\/\/el-perico.com\/es\/wp-json\/wp\/v2\/comments?post=1828"}],"version-history":[{"count":1,"href":"https:\/\/el-perico.com\/es\/wp-json\/wp\/v2\/posts\/1828\/revisions"}],"predecessor-version":[{"id":6683,"href":"https:\/\/el-perico.com\/es\/wp-json\/wp\/v2\/posts\/1828\/revisions\/6683"}],"wp:featuredmedia":[{"embeddable":true,"href":"https:\/\/el-perico.com\/es\/wp-json\/"}],"wp:attachment":[{"href":"https:\/\/el-perico.com\/es\/wp-json\/wp\/v2\/media?parent=1828"}],"wp:term":[{"taxonomy":"category","embeddable":true,"href":"https:\/\/el-perico.com\/es\/wp-json\/wp\/v2\/categories?post=1828"},{"taxonomy":"post_tag","embeddable":true,"href":"https:\/\/el-perico.com\/es\/wp-json\/wp\/v2\/tags?post=1828"},{"taxonomy":"newspack_spnsrs_tax","embeddable":true,"href":"https:\/\/el-perico.com\/es\/wp-json\/wp\/v2\/newspack_spnsrs_tax?post=1828"},{"taxonomy":"author","embeddable":true,"href":"https:\/\/el-perico.com\/es\/wp-json\/wp\/v2\/coauthors?post=1828"}],"curies":[{"name":"wp","href":"https:\/\/api.w.org\/{rel}","templated":true}]}}