{"id":1818,"date":"2019-03-12T14:32:40","date_gmt":"2019-03-12T14:32:40","guid":{"rendered":"https:\/\/el-perico.kaageg0-liquidwebsites.com\/?p=1818"},"modified":"2022-03-21T09:32:44","modified_gmt":"2022-03-21T13:32:44","slug":"estudiantes-y-disenadores-recientemente-graduados-de-las-facultades-de-the-art-institutes-debutaran-sus-colecciones-primavera-verano-2017-durante-la-fashion-week-de-nueva-york","status":"publish","type":"post","link":"https:\/\/el-perico.com\/es\/estudiantes-y-disenadores-recientemente-graduados-de-las-facultades-de-the-art-institutes-debutaran-sus-colecciones-primavera-verano-2017-durante-la-fashion-week-de-nueva-york\/","title":{"rendered":"Estudiantes y dise\u00f1adores recientemente graduados de las facultades de The Art Institutes debutar\u00e1n sus colecciones primavera\/verano 2017 durante la Fashion Week de Nueva York"},"content":{"rendered":"<p>Nueve dise\u00f1adores de moda, compa\u00f1eros de estudios, vivir\u00e1n momentos determinantes para sus carreras en las pasarelas de la ciudad de Nueva York<br \/>\nNUEVA YORK, 29 de agosto de 2016 \/PRNewswire-HISPANIC PR WIRE\/ &#8212; Para nueve dise\u00f1adores del sistema de facultades de The Art Institutes, la Fashion Week de Nueva York representa la oportunidad de hacer gala del talento, la determinaci\u00f3n y la creatividad que han transformado en sus colecciones. El tema de esta temporada es \u00abDestinations\u00bb (Destinos). Se desaf\u00edo a los dise\u00f1adores a transportarnos a un inspirador recorrido de descubrimiento y las colecciones resultantes engalanar\u00e1n la pasarela del Desfile de Primavera 2017 de The Art Institutes.<br \/>\nEstos dise\u00f1adores, tanto estudiantes como reci\u00e9n graduados, comprenden que la moda es m\u00e1s que prendas llamativas. Se trata de un proceso que implica la selecci\u00f3n de dise\u00f1adores, inspiraci\u00f3n, bosquejos, selecci\u00f3n de telas, dise\u00f1o de patrones y un sinf\u00edn de revisiones antes de llegar a mostrar una creaci\u00f3n. Cada uno de los dise\u00f1adores ha superado desaf\u00edos y superado sus l\u00edmites creativos. En el proceso, todos han dejado claro que tienen lo necesario para dise\u00f1ar y presentar una colecci\u00f3n en una de las pasarelas m\u00e1s prestigiosas del mundo de la moda. Es la octava temporada en que The Art Institutes se ha asociado con la Fashion Week de Nueva York a fin de brindar a sus dise\u00f1adores m\u00e1s prometedores una plataforma a modo de trampol\u00edn para sus carreras. Este talentoso grupo debutar\u00e1 sus colecciones primavera\/verano 2017 el jueves 8 de septiembre a las 8:00pm en The Arc, Skylight at Moynihan Station.<br \/>\nDesde que fueron seleccionados, los nueve finalistas han dedicado un sinf\u00edn de horas a sus dise\u00f1os y colaborado estrechamente con mentores de sus facultades para terminar sus colecciones. Los dise\u00f1adores son estudiantes y graduados de facultades de The Art Institutes de Chicago, Dallas, Fort Lauderdale, Miami, Nueva York, Filadelfia, San Francisco y Vancouver.<br \/>\nNo pierda la oportunidad de presenciar el show desde la primera fila durante el desfile que se transmitir\u00e1 en vivo a las 8:00 p.m. el 8 de septiembre de 2016. Con\u00e9ctese a www.aifashionweek.com para disfrutar en l\u00ednea al igual que los espectadores de todo el mundo. El sitio web de The Art Institutes ofrece m\u00e1s informaci\u00f3n sobre las historias de vida de los dise\u00f1adores y lo que inspira sus colecciones: www.aifashionweek.com. Siga a The Art Institutes en Facebook, Twitter, Tumblr, Instagram y YouTube.<br \/>\nThe Art Institutes es un sistema de m\u00e1s de 50 facultades a lo largo y ancho de Norteam\u00e9rica. Los programas, certificaciones docentes, tecnolog\u00eda y opciones de calendario var\u00edan por facultad y est\u00e1n sujetos a cambio. No todos los programas online se ofrecen a los residentes de cualquier estado de los EE.UU. Varias instituciones incluidas en el sistema The Art Institutes son campus de South University o Argosy University. Oficina administrativa: The Art Institutes, 210 Sixth Avenue, piso 33, Pittsburgh, PA 15222 \u00a9 2016 The Art Institutes. Todos los derechos reservados. Correo-e: materialsreview@aii.edu .<br \/>\nEn aiprograms.info encontrar\u00e1 los detalles sobre la duraci\u00f3n del programa, colegiatura, cuotas y otros costos, deuda media, datos de sueldo, \u00e9xito de ex alumnos y m\u00e1s informaci\u00f3n importante.<\/p>\n","protected":false},"excerpt":{"rendered":"<p>Nueve dise\u00f1adores de moda, compa\u00f1eros de estudios, vivir\u00e1n momentos determinantes para sus carreras en las pasarelas de la ciudad de Nueva York NUEVA YORK, 29 de agosto de 2016 \/PRNewswire-HISPANIC PR WIRE\/ &#8212; Para nueve dise\u00f1adores del sistema de facultades de The Art Institutes, la Fashion Week de Nueva York representa la oportunidad de hacer [&hellip;]<\/p>\n","protected":false},"author":1,"featured_media":59,"comment_status":"open","ping_status":"closed","sticky":false,"template":"","format":"standard","meta":{"newspack_ads_suppress_ads":false,"_newspack_byline_active":false,"_newspack_byline":"","newspack_hide_updated_date":false,"newspack_show_updated_date":false,"newspack_content_restriction_is_exempt":false,"newspack_featured_image_position":"","newspack_post_subtitle":"","newspack_article_summary_title":"Overview:","newspack_article_summary":"","footnotes":""},"categories":[42],"tags":[],"newspack_spnsrs_tax":[],"coauthors":[1233],"class_list":["post-1818","post","type-post","status-publish","format-standard","has-post-thumbnail","hentry","category-cultura","entry"],"yoast_head":"<!-- This site is optimized with the Yoast SEO plugin v27.4 - https:\/\/yoast.com\/product\/yoast-seo-wordpress\/ -->\n<title>Estudiantes y dise\u00f1adores recientemente graduados de las facultades de The Art Institutes debutar\u00e1n sus colecciones primavera\/verano 2017 durante la Fashion Week de Nueva York - el perico<\/title>\n<meta name=\"robots\" content=\"index, follow, max-snippet:-1, max-image-preview:large, max-video-preview:-1\" \/>\n<link rel=\"canonical\" href=\"https:\/\/el-perico.com\/es\/estudiantes-y-disenadores-recientemente-graduados-de-las-facultades-de-the-art-institutes-debutaran-sus-colecciones-primavera-verano-2017-durante-la-fashion-week-de-nueva-york\/\" \/>\n<meta property=\"og:locale\" content=\"es_ES\" \/>\n<meta property=\"og:type\" content=\"article\" \/>\n<meta property=\"og:title\" content=\"Estudiantes y dise\u00f1adores recientemente graduados de las facultades de The Art Institutes debutar\u00e1n sus colecciones primavera\/verano 2017 durante la Fashion Week de Nueva York - el perico\" \/>\n<meta property=\"og:description\" content=\"Nueve dise\u00f1adores de moda, compa\u00f1eros de estudios, vivir\u00e1n momentos determinantes para sus carreras en las pasarelas de la ciudad de Nueva York NUEVA YORK, 29 de agosto de 2016 \/PRNewswire-HISPANIC PR WIRE\/ &#8212; Para nueve dise\u00f1adores del sistema de facultades de The Art Institutes, la Fashion Week de Nueva York representa la oportunidad de hacer [&hellip;]\" \/>\n<meta property=\"og:url\" content=\"https:\/\/el-perico.com\/es\/estudiantes-y-disenadores-recientemente-graduados-de-las-facultades-de-the-art-institutes-debutaran-sus-colecciones-primavera-verano-2017-durante-la-fashion-week-de-nueva-york\/\" \/>\n<meta property=\"og:site_name\" content=\"el perico\" \/>\n<meta property=\"article:publisher\" content=\"https:\/\/www.facebook.com\/elpericoomaha\" \/>\n<meta property=\"article:published_time\" content=\"2019-03-12T14:32:40+00:00\" \/>\n<meta property=\"article:modified_time\" content=\"2022-03-21T13:32:44+00:00\" \/>\n<meta property=\"og:image\" content=\"https:\/\/el-perico.com\/wp-content\/uploads\/2021\/09\/MSgt-Sargento-Mayor-3-1.jpg\" \/>\n\t<meta property=\"og:image:width\" content=\"1483\" \/>\n\t<meta property=\"og:image:height\" content=\"1854\" \/>\n\t<meta property=\"og:image:type\" content=\"image\/jpeg\" \/>\n<meta name=\"author\" content=\"El Perico Staff\" \/>\n<meta name=\"twitter:card\" content=\"summary_large_image\" \/>\n<meta name=\"twitter:label1\" content=\"Escrito por\" \/>\n\t<meta name=\"twitter:data1\" content=\"El Perico Staff\" \/>\n\t<meta name=\"twitter:label2\" content=\"Tiempo de lectura\" \/>\n\t<meta name=\"twitter:data2\" content=\"3 minutos\" \/>\n\t<meta name=\"twitter:label3\" content=\"Written by\" \/>\n\t<meta name=\"twitter:data3\" content=\"El Perico Staff\" \/>\n<script type=\"application\/ld+json\" class=\"yoast-schema-graph\">{\"@context\":\"https:\\\/\\\/schema.org\",\"@graph\":[{\"@type\":\"Article\",\"@id\":\"https:\\\/\\\/el-perico.com\\\/es\\\/estudiantes-y-disenadores-recientemente-graduados-de-las-facultades-de-the-art-institutes-debutaran-sus-colecciones-primavera-verano-2017-durante-la-fashion-week-de-nueva-york\\\/#article\",\"isPartOf\":{\"@id\":\"https:\\\/\\\/el-perico.com\\\/es\\\/estudiantes-y-disenadores-recientemente-graduados-de-las-facultades-de-the-art-institutes-debutaran-sus-colecciones-primavera-verano-2017-durante-la-fashion-week-de-nueva-york\\\/\"},\"author\":{\"name\":\"El Perico Staff\",\"@id\":\"https:\\\/\\\/el-perico.com\\\/es\\\/#\\\/schema\\\/person\\\/1956e5e63b94d4bd0daf30675bdf4a93\"},\"headline\":\"Estudiantes y dise\u00f1adores recientemente graduados de las facultades de The Art Institutes debutar\u00e1n sus colecciones primavera\\\/verano 2017 durante la Fashion Week de Nueva York\",\"datePublished\":\"2019-03-12T14:32:40+00:00\",\"dateModified\":\"2022-03-21T13:32:44+00:00\",\"mainEntityOfPage\":{\"@id\":\"https:\\\/\\\/el-perico.com\\\/es\\\/estudiantes-y-disenadores-recientemente-graduados-de-las-facultades-de-the-art-institutes-debutaran-sus-colecciones-primavera-verano-2017-durante-la-fashion-week-de-nueva-york\\\/\"},\"wordCount\":576,\"commentCount\":0,\"publisher\":{\"@id\":\"https:\\\/\\\/el-perico.com\\\/es\\\/#organization\"},\"image\":{\"@id\":\"https:\\\/\\\/el-perico.com\\\/es\\\/estudiantes-y-disenadores-recientemente-graduados-de-las-facultades-de-the-art-institutes-debutaran-sus-colecciones-primavera-verano-2017-durante-la-fashion-week-de-nueva-york\\\/#primaryimage\"},\"thumbnailUrl\":\"https:\\\/\\\/el-perico.com\\\/wp-content\\\/uploads\\\/2021\\\/09\\\/MSgt-Sargento-Mayor-3-1.jpg\",\"articleSection\":[\"Cultura\"],\"inLanguage\":\"es\",\"potentialAction\":[{\"@type\":\"CommentAction\",\"name\":\"Comment\",\"target\":[\"https:\\\/\\\/el-perico.com\\\/es\\\/estudiantes-y-disenadores-recientemente-graduados-de-las-facultades-de-the-art-institutes-debutaran-sus-colecciones-primavera-verano-2017-durante-la-fashion-week-de-nueva-york\\\/#respond\"]}]},{\"@type\":\"WebPage\",\"@id\":\"https:\\\/\\\/el-perico.com\\\/es\\\/estudiantes-y-disenadores-recientemente-graduados-de-las-facultades-de-the-art-institutes-debutaran-sus-colecciones-primavera-verano-2017-durante-la-fashion-week-de-nueva-york\\\/\",\"url\":\"https:\\\/\\\/el-perico.com\\\/es\\\/estudiantes-y-disenadores-recientemente-graduados-de-las-facultades-de-the-art-institutes-debutaran-sus-colecciones-primavera-verano-2017-durante-la-fashion-week-de-nueva-york\\\/\",\"name\":\"Estudiantes y dise\u00f1adores recientemente graduados de las facultades de The Art Institutes debutar\u00e1n sus colecciones primavera\\\/verano 2017 durante la Fashion Week de Nueva York - el perico\",\"isPartOf\":{\"@id\":\"https:\\\/\\\/el-perico.com\\\/es\\\/#website\"},\"primaryImageOfPage\":{\"@id\":\"https:\\\/\\\/el-perico.com\\\/es\\\/estudiantes-y-disenadores-recientemente-graduados-de-las-facultades-de-the-art-institutes-debutaran-sus-colecciones-primavera-verano-2017-durante-la-fashion-week-de-nueva-york\\\/#primaryimage\"},\"image\":{\"@id\":\"https:\\\/\\\/el-perico.com\\\/es\\\/estudiantes-y-disenadores-recientemente-graduados-de-las-facultades-de-the-art-institutes-debutaran-sus-colecciones-primavera-verano-2017-durante-la-fashion-week-de-nueva-york\\\/#primaryimage\"},\"thumbnailUrl\":\"https:\\\/\\\/el-perico.com\\\/wp-content\\\/uploads\\\/2021\\\/09\\\/MSgt-Sargento-Mayor-3-1.jpg\",\"datePublished\":\"2019-03-12T14:32:40+00:00\",\"dateModified\":\"2022-03-21T13:32:44+00:00\",\"breadcrumb\":{\"@id\":\"https:\\\/\\\/el-perico.com\\\/es\\\/estudiantes-y-disenadores-recientemente-graduados-de-las-facultades-de-the-art-institutes-debutaran-sus-colecciones-primavera-verano-2017-durante-la-fashion-week-de-nueva-york\\\/#breadcrumb\"},\"inLanguage\":\"es\",\"potentialAction\":[{\"@type\":\"ReadAction\",\"target\":[\"https:\\\/\\\/el-perico.com\\\/es\\\/estudiantes-y-disenadores-recientemente-graduados-de-las-facultades-de-the-art-institutes-debutaran-sus-colecciones-primavera-verano-2017-durante-la-fashion-week-de-nueva-york\\\/\"]}]},{\"@type\":\"ImageObject\",\"inLanguage\":\"es\",\"@id\":\"https:\\\/\\\/el-perico.com\\\/es\\\/estudiantes-y-disenadores-recientemente-graduados-de-las-facultades-de-the-art-institutes-debutaran-sus-colecciones-primavera-verano-2017-durante-la-fashion-week-de-nueva-york\\\/#primaryimage\",\"url\":\"https:\\\/\\\/el-perico.com\\\/wp-content\\\/uploads\\\/2021\\\/09\\\/MSgt-Sargento-Mayor-3-1.jpg\",\"contentUrl\":\"https:\\\/\\\/el-perico.com\\\/wp-content\\\/uploads\\\/2021\\\/09\\\/MSgt-Sargento-Mayor-3-1.jpg\",\"width\":1483,\"height\":1854},{\"@type\":\"BreadcrumbList\",\"@id\":\"https:\\\/\\\/el-perico.com\\\/es\\\/estudiantes-y-disenadores-recientemente-graduados-de-las-facultades-de-the-art-institutes-debutaran-sus-colecciones-primavera-verano-2017-durante-la-fashion-week-de-nueva-york\\\/#breadcrumb\",\"itemListElement\":[{\"@type\":\"ListItem\",\"position\":1,\"name\":\"Home\",\"item\":\"https:\\\/\\\/el-perico.com\\\/es\\\/\"},{\"@type\":\"ListItem\",\"position\":2,\"name\":\"Estudiantes y dise\u00f1adores recientemente graduados de las facultades de The Art Institutes debutar\u00e1n sus colecciones primavera\\\/verano 2017 durante la Fashion Week de Nueva York\"}]},{\"@type\":\"WebSite\",\"@id\":\"https:\\\/\\\/el-perico.com\\\/es\\\/#website\",\"url\":\"https:\\\/\\\/el-perico.com\\\/es\\\/\",\"name\":\"el perico\",\"description\":\"La plataforma original de noticias e informaci\u00f3n para la comunidad hispana de Omaha\",\"publisher\":{\"@id\":\"https:\\\/\\\/el-perico.com\\\/es\\\/#organization\"},\"potentialAction\":[{\"@type\":\"SearchAction\",\"target\":{\"@type\":\"EntryPoint\",\"urlTemplate\":\"https:\\\/\\\/el-perico.com\\\/es\\\/?s={search_term_string}\"},\"query-input\":{\"@type\":\"PropertyValueSpecification\",\"valueRequired\":true,\"valueName\":\"search_term_string\"}}],\"inLanguage\":\"es\"},{\"@type\":\"Organization\",\"@id\":\"https:\\\/\\\/el-perico.com\\\/es\\\/#organization\",\"name\":\"el perico\",\"url\":\"https:\\\/\\\/el-perico.com\\\/es\\\/\",\"logo\":{\"@type\":\"ImageObject\",\"inLanguage\":\"es\",\"@id\":\"https:\\\/\\\/el-perico.com\\\/es\\\/#\\\/schema\\\/logo\\\/image\\\/\",\"url\":\"https:\\\/\\\/el-perico.com\\\/wp-content\\\/uploads\\\/2024\\\/05\\\/ElPerico-Logo_NPM-1-e1717102187440.png\",\"contentUrl\":\"https:\\\/\\\/el-perico.com\\\/wp-content\\\/uploads\\\/2024\\\/05\\\/ElPerico-Logo_NPM-1-e1717102187440.png\",\"width\":648,\"height\":216,\"caption\":\"el perico\"},\"image\":{\"@id\":\"https:\\\/\\\/el-perico.com\\\/es\\\/#\\\/schema\\\/logo\\\/image\\\/\"},\"sameAs\":[\"https:\\\/\\\/www.facebook.com\\\/elpericoomaha\"]},{\"@type\":\"Person\",\"@id\":\"https:\\\/\\\/el-perico.com\\\/es\\\/#\\\/schema\\\/person\\\/1956e5e63b94d4bd0daf30675bdf4a93\",\"name\":\"El Perico Staff\",\"image\":{\"@type\":\"ImageObject\",\"inLanguage\":\"es\",\"@id\":\"https:\\\/\\\/secure.gravatar.com\\\/avatar\\\/701b23c665bfde9fd4d874d31feb4c16bf2ac173b2b0b7224dc39896d4cfc381?s=96&d=mm&r=g80b2efc5844e688a6ffb9340c789e4c4\",\"url\":\"https:\\\/\\\/secure.gravatar.com\\\/avatar\\\/701b23c665bfde9fd4d874d31feb4c16bf2ac173b2b0b7224dc39896d4cfc381?s=96&d=mm&r=g\",\"contentUrl\":\"https:\\\/\\\/secure.gravatar.com\\\/avatar\\\/701b23c665bfde9fd4d874d31feb4c16bf2ac173b2b0b7224dc39896d4cfc381?s=96&d=mm&r=g\",\"caption\":\"El Perico Staff\"},\"sameAs\":[\"https:\\\/\\\/el-perico.com\"],\"url\":\"https:\\\/\\\/el-perico.com\\\/es\\\/author\\\/af6f1d62_admin\\\/\"}]}<\/script>\n<!-- \/ Yoast SEO plugin. -->","yoast_head_json":{"title":"Estudiantes y dise\u00f1adores recientemente graduados de las facultades de The Art Institutes debutar\u00e1n sus colecciones primavera\/verano 2017 durante la Fashion Week de Nueva York - el perico","robots":{"index":"index","follow":"follow","max-snippet":"max-snippet:-1","max-image-preview":"max-image-preview:large","max-video-preview":"max-video-preview:-1"},"canonical":"https:\/\/el-perico.com\/es\/estudiantes-y-disenadores-recientemente-graduados-de-las-facultades-de-the-art-institutes-debutaran-sus-colecciones-primavera-verano-2017-durante-la-fashion-week-de-nueva-york\/","og_locale":"es_ES","og_type":"article","og_title":"Estudiantes y dise\u00f1adores recientemente graduados de las facultades de The Art Institutes debutar\u00e1n sus colecciones primavera\/verano 2017 durante la Fashion Week de Nueva York - el perico","og_description":"Nueve dise\u00f1adores de moda, compa\u00f1eros de estudios, vivir\u00e1n momentos determinantes para sus carreras en las pasarelas de la ciudad de Nueva York NUEVA YORK, 29 de agosto de 2016 \/PRNewswire-HISPANIC PR WIRE\/ &#8212; Para nueve dise\u00f1adores del sistema de facultades de The Art Institutes, la Fashion Week de Nueva York representa la oportunidad de hacer [&hellip;]","og_url":"https:\/\/el-perico.com\/es\/estudiantes-y-disenadores-recientemente-graduados-de-las-facultades-de-the-art-institutes-debutaran-sus-colecciones-primavera-verano-2017-durante-la-fashion-week-de-nueva-york\/","og_site_name":"el perico","article_publisher":"https:\/\/www.facebook.com\/elpericoomaha","article_published_time":"2019-03-12T14:32:40+00:00","article_modified_time":"2022-03-21T13:32:44+00:00","og_image":[{"width":1483,"height":1854,"url":"https:\/\/el-perico.com\/wp-content\/uploads\/2021\/09\/MSgt-Sargento-Mayor-3-1.jpg","type":"image\/jpeg"}],"author":"El Perico Staff","twitter_card":"summary_large_image","twitter_misc":{"Escrito por":"El Perico Staff","Tiempo de lectura":"3 minutos","Written by":"El Perico Staff"},"schema":{"@context":"https:\/\/schema.org","@graph":[{"@type":"Article","@id":"https:\/\/el-perico.com\/es\/estudiantes-y-disenadores-recientemente-graduados-de-las-facultades-de-the-art-institutes-debutaran-sus-colecciones-primavera-verano-2017-durante-la-fashion-week-de-nueva-york\/#article","isPartOf":{"@id":"https:\/\/el-perico.com\/es\/estudiantes-y-disenadores-recientemente-graduados-de-las-facultades-de-the-art-institutes-debutaran-sus-colecciones-primavera-verano-2017-durante-la-fashion-week-de-nueva-york\/"},"author":{"name":"El Perico Staff","@id":"https:\/\/el-perico.com\/es\/#\/schema\/person\/1956e5e63b94d4bd0daf30675bdf4a93"},"headline":"Estudiantes y dise\u00f1adores recientemente graduados de las facultades de The Art Institutes debutar\u00e1n sus colecciones primavera\/verano 2017 durante la Fashion Week de Nueva York","datePublished":"2019-03-12T14:32:40+00:00","dateModified":"2022-03-21T13:32:44+00:00","mainEntityOfPage":{"@id":"https:\/\/el-perico.com\/es\/estudiantes-y-disenadores-recientemente-graduados-de-las-facultades-de-the-art-institutes-debutaran-sus-colecciones-primavera-verano-2017-durante-la-fashion-week-de-nueva-york\/"},"wordCount":576,"commentCount":0,"publisher":{"@id":"https:\/\/el-perico.com\/es\/#organization"},"image":{"@id":"https:\/\/el-perico.com\/es\/estudiantes-y-disenadores-recientemente-graduados-de-las-facultades-de-the-art-institutes-debutaran-sus-colecciones-primavera-verano-2017-durante-la-fashion-week-de-nueva-york\/#primaryimage"},"thumbnailUrl":"https:\/\/el-perico.com\/wp-content\/uploads\/2021\/09\/MSgt-Sargento-Mayor-3-1.jpg","articleSection":["Cultura"],"inLanguage":"es","potentialAction":[{"@type":"CommentAction","name":"Comment","target":["https:\/\/el-perico.com\/es\/estudiantes-y-disenadores-recientemente-graduados-de-las-facultades-de-the-art-institutes-debutaran-sus-colecciones-primavera-verano-2017-durante-la-fashion-week-de-nueva-york\/#respond"]}]},{"@type":"WebPage","@id":"https:\/\/el-perico.com\/es\/estudiantes-y-disenadores-recientemente-graduados-de-las-facultades-de-the-art-institutes-debutaran-sus-colecciones-primavera-verano-2017-durante-la-fashion-week-de-nueva-york\/","url":"https:\/\/el-perico.com\/es\/estudiantes-y-disenadores-recientemente-graduados-de-las-facultades-de-the-art-institutes-debutaran-sus-colecciones-primavera-verano-2017-durante-la-fashion-week-de-nueva-york\/","name":"Estudiantes y dise\u00f1adores recientemente graduados de las facultades de The Art Institutes debutar\u00e1n sus colecciones primavera\/verano 2017 durante la Fashion Week de Nueva York - el perico","isPartOf":{"@id":"https:\/\/el-perico.com\/es\/#website"},"primaryImageOfPage":{"@id":"https:\/\/el-perico.com\/es\/estudiantes-y-disenadores-recientemente-graduados-de-las-facultades-de-the-art-institutes-debutaran-sus-colecciones-primavera-verano-2017-durante-la-fashion-week-de-nueva-york\/#primaryimage"},"image":{"@id":"https:\/\/el-perico.com\/es\/estudiantes-y-disenadores-recientemente-graduados-de-las-facultades-de-the-art-institutes-debutaran-sus-colecciones-primavera-verano-2017-durante-la-fashion-week-de-nueva-york\/#primaryimage"},"thumbnailUrl":"https:\/\/el-perico.com\/wp-content\/uploads\/2021\/09\/MSgt-Sargento-Mayor-3-1.jpg","datePublished":"2019-03-12T14:32:40+00:00","dateModified":"2022-03-21T13:32:44+00:00","breadcrumb":{"@id":"https:\/\/el-perico.com\/es\/estudiantes-y-disenadores-recientemente-graduados-de-las-facultades-de-the-art-institutes-debutaran-sus-colecciones-primavera-verano-2017-durante-la-fashion-week-de-nueva-york\/#breadcrumb"},"inLanguage":"es","potentialAction":[{"@type":"ReadAction","target":["https:\/\/el-perico.com\/es\/estudiantes-y-disenadores-recientemente-graduados-de-las-facultades-de-the-art-institutes-debutaran-sus-colecciones-primavera-verano-2017-durante-la-fashion-week-de-nueva-york\/"]}]},{"@type":"ImageObject","inLanguage":"es","@id":"https:\/\/el-perico.com\/es\/estudiantes-y-disenadores-recientemente-graduados-de-las-facultades-de-the-art-institutes-debutaran-sus-colecciones-primavera-verano-2017-durante-la-fashion-week-de-nueva-york\/#primaryimage","url":"https:\/\/el-perico.com\/wp-content\/uploads\/2021\/09\/MSgt-Sargento-Mayor-3-1.jpg","contentUrl":"https:\/\/el-perico.com\/wp-content\/uploads\/2021\/09\/MSgt-Sargento-Mayor-3-1.jpg","width":1483,"height":1854},{"@type":"BreadcrumbList","@id":"https:\/\/el-perico.com\/es\/estudiantes-y-disenadores-recientemente-graduados-de-las-facultades-de-the-art-institutes-debutaran-sus-colecciones-primavera-verano-2017-durante-la-fashion-week-de-nueva-york\/#breadcrumb","itemListElement":[{"@type":"ListItem","position":1,"name":"Home","item":"https:\/\/el-perico.com\/es\/"},{"@type":"ListItem","position":2,"name":"Estudiantes y dise\u00f1adores recientemente graduados de las facultades de The Art Institutes debutar\u00e1n sus colecciones primavera\/verano 2017 durante la Fashion Week de Nueva York"}]},{"@type":"WebSite","@id":"https:\/\/el-perico.com\/es\/#website","url":"https:\/\/el-perico.com\/es\/","name":"el perico","description":"La plataforma original de noticias e informaci\u00f3n para la comunidad hispana de Omaha","publisher":{"@id":"https:\/\/el-perico.com\/es\/#organization"},"potentialAction":[{"@type":"SearchAction","target":{"@type":"EntryPoint","urlTemplate":"https:\/\/el-perico.com\/es\/?s={search_term_string}"},"query-input":{"@type":"PropertyValueSpecification","valueRequired":true,"valueName":"search_term_string"}}],"inLanguage":"es"},{"@type":"Organization","@id":"https:\/\/el-perico.com\/es\/#organization","name":"el perico","url":"https:\/\/el-perico.com\/es\/","logo":{"@type":"ImageObject","inLanguage":"es","@id":"https:\/\/el-perico.com\/es\/#\/schema\/logo\/image\/","url":"https:\/\/el-perico.com\/wp-content\/uploads\/2024\/05\/ElPerico-Logo_NPM-1-e1717102187440.png","contentUrl":"https:\/\/el-perico.com\/wp-content\/uploads\/2024\/05\/ElPerico-Logo_NPM-1-e1717102187440.png","width":648,"height":216,"caption":"el perico"},"image":{"@id":"https:\/\/el-perico.com\/es\/#\/schema\/logo\/image\/"},"sameAs":["https:\/\/www.facebook.com\/elpericoomaha"]},{"@type":"Person","@id":"https:\/\/el-perico.com\/es\/#\/schema\/person\/1956e5e63b94d4bd0daf30675bdf4a93","name":"El Perico Staff","image":{"@type":"ImageObject","inLanguage":"es","@id":"https:\/\/secure.gravatar.com\/avatar\/701b23c665bfde9fd4d874d31feb4c16bf2ac173b2b0b7224dc39896d4cfc381?s=96&d=mm&r=g80b2efc5844e688a6ffb9340c789e4c4","url":"https:\/\/secure.gravatar.com\/avatar\/701b23c665bfde9fd4d874d31feb4c16bf2ac173b2b0b7224dc39896d4cfc381?s=96&d=mm&r=g","contentUrl":"https:\/\/secure.gravatar.com\/avatar\/701b23c665bfde9fd4d874d31feb4c16bf2ac173b2b0b7224dc39896d4cfc381?s=96&d=mm&r=g","caption":"El Perico Staff"},"sameAs":["https:\/\/el-perico.com"],"url":"https:\/\/el-perico.com\/es\/author\/af6f1d62_admin\/"}]}},"_links":{"self":[{"href":"https:\/\/el-perico.com\/es\/wp-json\/wp\/v2\/posts\/1818","targetHints":{"allow":["GET"]}}],"collection":[{"href":"https:\/\/el-perico.com\/es\/wp-json\/wp\/v2\/posts"}],"about":[{"href":"https:\/\/el-perico.com\/es\/wp-json\/wp\/v2\/types\/post"}],"author":[{"embeddable":true,"href":"https:\/\/el-perico.com\/es\/wp-json\/wp\/v2\/users\/1"}],"replies":[{"embeddable":true,"href":"https:\/\/el-perico.com\/es\/wp-json\/wp\/v2\/comments?post=1818"}],"version-history":[{"count":1,"href":"https:\/\/el-perico.com\/es\/wp-json\/wp\/v2\/posts\/1818\/revisions"}],"predecessor-version":[{"id":6688,"href":"https:\/\/el-perico.com\/es\/wp-json\/wp\/v2\/posts\/1818\/revisions\/6688"}],"wp:featuredmedia":[{"embeddable":true,"href":"https:\/\/el-perico.com\/es\/wp-json\/wp\/v2\/media\/59"}],"wp:attachment":[{"href":"https:\/\/el-perico.com\/es\/wp-json\/wp\/v2\/media?parent=1818"}],"wp:term":[{"taxonomy":"category","embeddable":true,"href":"https:\/\/el-perico.com\/es\/wp-json\/wp\/v2\/categories?post=1818"},{"taxonomy":"post_tag","embeddable":true,"href":"https:\/\/el-perico.com\/es\/wp-json\/wp\/v2\/tags?post=1818"},{"taxonomy":"newspack_spnsrs_tax","embeddable":true,"href":"https:\/\/el-perico.com\/es\/wp-json\/wp\/v2\/newspack_spnsrs_tax?post=1818"},{"taxonomy":"author","embeddable":true,"href":"https:\/\/el-perico.com\/es\/wp-json\/wp\/v2\/coauthors?post=1818"}],"curies":[{"name":"wp","href":"https:\/\/api.w.org\/{rel}","templated":true}]}}