{"id":1575,"date":"2019-03-05T15:36:47","date_gmt":"2019-03-05T15:36:47","guid":{"rendered":"https:\/\/el-perico.kaageg0-liquidwebsites.com\/?p=1575"},"modified":"2022-03-24T22:23:05","modified_gmt":"2022-03-25T02:23:05","slug":"serrato-encuentra-un-balance-como-musico-y-educador","status":"publish","type":"post","link":"https:\/\/el-perico.com\/es\/serrato-encuentra-un-balance-como-musico-y-educador\/","title":{"rendered":"Serrato encuentra un balance como m\u00fasico y educador"},"content":{"rendered":"<p>Elevadores de granos y no rascacielos es lo que Paul Serrato aprecia fuera de su hogar ahora que el pianista-compositor ha regresado a Omaha despu\u00e9s de varias d\u00e9cadas en la ciudad de Nueva York.<br \/>\nSerrato era m\u00fasico de sesi\u00f3n, solista y l\u00edder de un grupo musical en Nueva York. Cuando no estaba tocando, el visitaba los clubes para ver tocar a un sin fin de leyendas. Como buen coleccionista, \u00e9l logr\u00f3 obtener raros p\u00f3ster de grandes conjuntos legendarios de jazz en lugares ic\u00f3nicos como el Village Gate en el este de Harlem.<br \/>\n\u00c9l tambi\u00e9n pas\u00f3 muchas y muchas horas componiendo y probando canciones y arreglos originales. Ha lanzado nueve \u00e1lbumes en Graffiti Productions, su propio sello discogr\u00e1fico. Incluso ya termin\u00f3 de grabar su d\u00e9cimo \u00e1lbum con sus m\u00fasicos habituales de la gran manzana y lo estar\u00e1 lanzado a nivel nacional en oto\u00f1o.<br \/>\nSerrato tambi\u00e9n escribi\u00f3 para y se present\u00f3 con artistas del cabaret underground y de obras off-Broadway.<br \/>\nLa educaci\u00f3n es una pasi\u00f3n paralela para Serrato quien tiene grados en m\u00fasica (Harbor Conservatory for the Performing Arts) y educaci\u00f3n urbana (Adelphi University). Desde los a\u00f1os 1980 \u00e9l ha dado clases para adultos de ESL (Ingl\u00e9s como Segundo Idioma). \u00c9l ense\u00f1o en varios vecindarios de Nueva York. Desde que regres\u00f3 a Omaha hace cinco a\u00f1os \u00e9l ha sido instructor adjunto en el campus del sur del Metropolitan Community College.<br \/>\n\u00abMe encanta ense\u00f1ar ESL. Me encanta trabajar con estudiantes internacionales\u201d, nos dijo. \u201cMe ha ense\u00f1ado a respetar a los dem\u00e1s, en especial a los inmigrantes. Yo siempre he estado interesado en otras culturas y en otros idiomas. Era algo natural para m\u00ed pasar a ense\u00f1ar ESL y llegar a donde estoy ahora. En verdad creo en la educaci\u00f3n biling\u00fce\u201d.<br \/>\n\u00c9l se preocupa de que los recortes en financiamiento estatal amenacen algo que tiene un efecto tan bueno en los estudiantes.<br \/>\n\u00abHay una gran satisfacci\u00f3n en saber que les estamos ayudando a aculturarse-integrarse\u201d.<br \/>\n\u00c9l se siente indignado por las medidas draconianas de la administraci\u00f3n de Trump en contra de los inmigrantes ilegales y por la propia ret\u00f3rica de odio de Trump sobre la inmigraci\u00f3n.<br \/>\nSerrato pide a sus estudiantes inmigrantes que escriban ensayos sobre sus nuevas vidas en los Estados Unidos de Norteam\u00e9rica. \u00c9l se siente conmovido por sus historias.<br \/>\n<img loading=\"lazy\" decoding=\"async\" class=\"alignleft size-medium wp-image-1164\" src=\"https:\/\/el-perico.com\/wp-content\/uploads\/2018\/06\/piano-300x213.png\" alt=\"\" width=\"300\" height=\"213\"><br \/>\n\u00abMe inspira poder guiarles y brindarles la oportunidad de liberar sus emociones y sentimientos. Es como si nadie jam\u00e1s les hubiere preguntado antes. Algunos de los ensayos son muy buenos. Presentan, de forma muy elocuente, sus sentimientos por ser inmigrantes, por vivir aqu\u00ed, las dificultades y las cosas buenas\u201d.<br \/>\nEl a\u00f1o pasado \u00e9l organiz\u00f3 un programa en Gallery 72 en el que los estudiantes le\u00edan los relatos personales que escribieron sus estudiantes de Nueva York despu\u00e9s de los ataques terroristas del 11 de septiembre que derribaron las Torres Gemelas. Serrato y sus estudiantes de Nueva York estaban a solamente unas cuadras de la zona cero. Observaron con sus propios ojos c\u00f3mo sucedi\u00f3 todo.<br \/>\n\u00abYo ped\u00ed a mis estudiantes internacionales adultos que escribieren sobre ese d\u00eda pues eran de muchos pa\u00edses diferentes. Ellos escribieron de forma elocuente sobre lo que vieron. Yo guard\u00e9 sus ensayos y decid\u00ed convertirlos en EYEWITNESS: New York Testimonies. Aunque todos experimentaron el mismo evento, escuchamos sobre ello filtrado a trav\u00e9s de las sensibilidades de la diversidad de sus culturas\u201d.<br \/>\nLas composiciones \u00abBroadway Electronic\u00bb y \u201cBlues Elegy\u201d de Serrato brindaron m\u00fasica ambiental para las lecturas.<br \/>\n\u00abYo me sent\u00ed muy orgulloso de c\u00f3mo sali\u00f3 ese evento. Mis estudiantes en Metro hicieron un gran trabajo\u201d.<br \/>\n\u00c9l comenta que la mezcla de estudiantes internacionales a quienes da clases \u201cme hace sentir como si estuviere de vuelta en Nueva York\u201d.<br \/>\nSu acogedor hogar en el Sureste de Omaha es un \u00e1rea repleta de tesoros. Sus paredes est\u00e1n adornadas de p\u00f3steres enmarcados y portadas de \u00e1lbumes. Hay por todos lados fotos de sus estudiantes, familiares, amigos y de los m\u00fasicos con quienes tocan. Las mesas est\u00e1n repletas de montones de libros.<br \/>\nSu vida musical comenz\u00f3 en Omaha en donde mostr\u00f3 una aptitud para la m\u00fasica, estudiando formalmente el piano.<br \/>\n\u00abYo comenc\u00e9 participando en shows de talentos en la ciudad. La tienda de pianos Schmoller &amp; Mueller ten\u00eda un show de talentos en la radio el s\u00e1bado por la ma\u00f1ana. Gan\u00e9 el primer lugar un par de veces\u201d.<br \/>\nEl graduado de la Preparatoria Creighton fue criado como hijo de una madre soltera que se divorci\u00f3 cuando \u00e9l ten\u00eda 3 a\u00f1os de edad.<br \/>\n\u00abElla era gran mujer que tuvo que pasar por mucho. En aquella \u00e9poca no hab\u00eda recursos pada madres solteras\u201d.<br \/>\nEl artista chicano ha hizo honor a sus ra\u00edces latinas a trav\u00e9s de viajes y estudio. Viaj\u00f3 a Rio de Janeiro, Brasil para adentrarse en bossa y la samba. Su canci\u00f3n \u00abBlues in Rio\u00bb proviene de ah\u00ed. Un video en YouTube producido por Donald Mohr, amigo suyo que tambi\u00e9n es m\u00fasico, usa esa canci\u00f3n mientras se presentan fotograf\u00edas de las estancias de Serrato en Brasil.<br \/>\nViajando por Europa \u00e9l lleg\u00f3 a Espa\u00f1a y termino por ser \u201cimpactado por el arte y esplendor de las corridas de toros\u201d. \u00c9l contin\u00faa: \u201cComenc\u00e9 a regresar a Espa\u00f1a cada a\u00f1o para la larga temporada taurina como aficionado. Cerraba mi departamento en Nueva York y me iba volando. Mi vida como artista y gerente de una librer\u00eda en Greenwich Village me permiti\u00f3 hacerlo. Esa era la vida bohemia\u201d.<br \/>\nSus ra\u00edces musicales latinas y las influencias de su inmersi\u00f3n en el jazz mundial le permitieron crear. \u00c9l se present\u00f3 en Omaha. Despu\u00e9s escuch\u00f3 unos sonidos en la radio de la familia que cambiaron su vida.<br \/>\n\u00abYo pens\u00e9 que quer\u00eda ser un pianista de concierto hasta que comenc\u00e9 a escuchar grabaciones de Art Tatum y \u00d3scar Peterson, cuyos discos eran tocados desde Chicago. En verdad qued\u00e9 impactado por estos grandes pianistas de jazz. Escuchar su m\u00fasica en verdad abri\u00f3 un mundo de posibilidades\u201d.<br \/>\nEl Harbor Conservatory en Spanish Harlem se convirti\u00f3 en su Meca. \u00c9l obtuvo una Licenciatura en Composici\u00f3n Musical, enfoc\u00e1ndose en los estilos musicales latinos.<br \/>\n\u00abEs como el repositorio del jazz y la m\u00fasica latina en Nueva York despu\u00e9s de la di\u00e1spora de la Segunda Guerra Mundial. Es un lugar incre\u00edble. Entras a esa escuela y te encuentras en otro mundo, un mundo de m\u00fasica jazz que me encanta\u201d.<br \/>\nSu estudio intensivo del espa\u00f1ol se ha extendido a la literatura y el arte latino.<br \/>\nMenciona a Candido Camero, interprete del Congo, como \u201cuna gran inspiraci\u00f3n\u201d. Contin\u00faa: \u201c\u00c9l pod\u00eda tocarlo todo. Candido grabo un \u00e1lbum, llamado Mambo Moves, con Erroll Garner, uno de mis pianistas favoritos &#8211; hacen muy buenos duetos. Siempre me ha gustado ese \u00e1lbum. He tratado de incorporar algunas de esas ideas en mi m\u00fasica. Yo compongo canciones en el estilo bossa filtrado a trav\u00e9s del lente del jazz de Nueva York\u201d.<br \/>\nAs\u00ed como Serrato no ha dejado de aprender, tampoco ha de ense\u00f1ar.<br \/>\n\u00abMe encanta la educaci\u00f3n. Es algo absolutamente vital para m\u00ed. Todo el tiempo estoy ense\u00f1ando, como lo hacen muchos m\u00fasicos de jazz. Todos somos educadores\u201d.<br \/>\nVisite <a href=\"http:\/\/www.paulserrato.com\">www.paulserrato.com<\/a>.<br \/>\nLea m\u00e1s del trabajo de Leo Adam Biga en leoadambiga.com.<\/p>\n","protected":false},"excerpt":{"rendered":"<p>Elevadores de granos y no rascacielos es lo que Paul Serrato aprecia fuera de su hogar ahora que el pianista-compositor ha regresado a Omaha despu\u00e9s de varias d\u00e9cadas en la ciudad de Nueva York. Serrato era m\u00fasico de sesi\u00f3n, solista y l\u00edder de un grupo musical en Nueva York. Cuando no estaba tocando, el visitaba [&hellip;]<\/p>\n","protected":false},"author":1,"featured_media":1162,"comment_status":"open","ping_status":"closed","sticky":false,"template":"","format":"standard","meta":{"newspack_ads_suppress_ads":false,"_newspack_byline_active":false,"_newspack_byline":"","newspack_hide_updated_date":false,"newspack_show_updated_date":false,"newspack_content_restriction_is_exempt":false,"newspack_featured_image_position":"","newspack_post_subtitle":"","newspack_article_summary_title":"Overview:","newspack_article_summary":"","footnotes":""},"categories":[39,42],"tags":[],"newspack_spnsrs_tax":[],"coauthors":[1233],"class_list":["post-1575","post","type-post","status-publish","format-standard","has-post-thumbnail","hentry","category-comunidad","category-cultura","entry"],"yoast_head":"<!-- This site is optimized with the Yoast SEO plugin v27.4 - https:\/\/yoast.com\/product\/yoast-seo-wordpress\/ -->\n<title>Serrato encuentra un balance como m\u00fasico y educador - el perico<\/title>\n<meta name=\"robots\" content=\"index, follow, max-snippet:-1, max-image-preview:large, max-video-preview:-1\" \/>\n<link rel=\"canonical\" href=\"https:\/\/el-perico.com\/es\/serrato-encuentra-un-balance-como-musico-y-educador\/\" \/>\n<meta property=\"og:locale\" content=\"es_ES\" \/>\n<meta property=\"og:type\" content=\"article\" \/>\n<meta property=\"og:title\" content=\"Serrato encuentra un balance como m\u00fasico y educador - el perico\" \/>\n<meta property=\"og:description\" content=\"Elevadores de granos y no rascacielos es lo que Paul Serrato aprecia fuera de su hogar ahora que el pianista-compositor ha regresado a Omaha despu\u00e9s de varias d\u00e9cadas en la ciudad de Nueva York. Serrato era m\u00fasico de sesi\u00f3n, solista y l\u00edder de un grupo musical en Nueva York. Cuando no estaba tocando, el visitaba [&hellip;]\" \/>\n<meta property=\"og:url\" content=\"https:\/\/el-perico.com\/es\/serrato-encuentra-un-balance-como-musico-y-educador\/\" \/>\n<meta property=\"og:site_name\" content=\"el perico\" \/>\n<meta property=\"article:publisher\" content=\"https:\/\/www.facebook.com\/elpericoomaha\" \/>\n<meta property=\"article:published_time\" content=\"2019-03-05T15:36:47+00:00\" \/>\n<meta property=\"article:modified_time\" content=\"2022-03-25T02:23:05+00:00\" \/>\n<meta name=\"author\" content=\"El Perico Staff\" \/>\n<meta name=\"twitter:card\" content=\"summary_large_image\" \/>\n<meta name=\"twitter:label1\" content=\"Escrito por\" \/>\n\t<meta name=\"twitter:data1\" content=\"El Perico Staff\" \/>\n\t<meta name=\"twitter:label2\" content=\"Tiempo de lectura\" \/>\n\t<meta name=\"twitter:data2\" content=\"6 minutos\" \/>\n\t<meta name=\"twitter:label3\" content=\"Written by\" \/>\n\t<meta name=\"twitter:data3\" content=\"El Perico Staff\" \/>\n<script type=\"application\/ld+json\" class=\"yoast-schema-graph\">{\"@context\":\"https:\\\/\\\/schema.org\",\"@graph\":[{\"@type\":\"Article\",\"@id\":\"https:\\\/\\\/el-perico.com\\\/es\\\/serrato-encuentra-un-balance-como-musico-y-educador\\\/#article\",\"isPartOf\":{\"@id\":\"https:\\\/\\\/el-perico.com\\\/es\\\/serrato-encuentra-un-balance-como-musico-y-educador\\\/\"},\"author\":{\"name\":\"El Perico Staff\",\"@id\":\"https:\\\/\\\/el-perico.com\\\/es\\\/#\\\/schema\\\/person\\\/1956e5e63b94d4bd0daf30675bdf4a93\"},\"headline\":\"Serrato encuentra un balance como m\u00fasico y educador\",\"datePublished\":\"2019-03-05T15:36:47+00:00\",\"dateModified\":\"2022-03-25T02:23:05+00:00\",\"mainEntityOfPage\":{\"@id\":\"https:\\\/\\\/el-perico.com\\\/es\\\/serrato-encuentra-un-balance-como-musico-y-educador\\\/\"},\"wordCount\":1269,\"commentCount\":0,\"publisher\":{\"@id\":\"https:\\\/\\\/el-perico.com\\\/es\\\/#organization\"},\"image\":{\"@id\":\"https:\\\/\\\/el-perico.com\\\/es\\\/serrato-encuentra-un-balance-como-musico-y-educador\\\/#primaryimage\"},\"thumbnailUrl\":\"\",\"articleSection\":[\"Comunidad\",\"Cultura\"],\"inLanguage\":\"es\",\"potentialAction\":[{\"@type\":\"CommentAction\",\"name\":\"Comment\",\"target\":[\"https:\\\/\\\/el-perico.com\\\/es\\\/serrato-encuentra-un-balance-como-musico-y-educador\\\/#respond\"]}]},{\"@type\":\"WebPage\",\"@id\":\"https:\\\/\\\/el-perico.com\\\/es\\\/serrato-encuentra-un-balance-como-musico-y-educador\\\/\",\"url\":\"https:\\\/\\\/el-perico.com\\\/es\\\/serrato-encuentra-un-balance-como-musico-y-educador\\\/\",\"name\":\"Serrato encuentra un balance como m\u00fasico y educador - el perico\",\"isPartOf\":{\"@id\":\"https:\\\/\\\/el-perico.com\\\/es\\\/#website\"},\"primaryImageOfPage\":{\"@id\":\"https:\\\/\\\/el-perico.com\\\/es\\\/serrato-encuentra-un-balance-como-musico-y-educador\\\/#primaryimage\"},\"image\":{\"@id\":\"https:\\\/\\\/el-perico.com\\\/es\\\/serrato-encuentra-un-balance-como-musico-y-educador\\\/#primaryimage\"},\"thumbnailUrl\":\"\",\"datePublished\":\"2019-03-05T15:36:47+00:00\",\"dateModified\":\"2022-03-25T02:23:05+00:00\",\"breadcrumb\":{\"@id\":\"https:\\\/\\\/el-perico.com\\\/es\\\/serrato-encuentra-un-balance-como-musico-y-educador\\\/#breadcrumb\"},\"inLanguage\":\"es\",\"potentialAction\":[{\"@type\":\"ReadAction\",\"target\":[\"https:\\\/\\\/el-perico.com\\\/es\\\/serrato-encuentra-un-balance-como-musico-y-educador\\\/\"]}]},{\"@type\":\"ImageObject\",\"inLanguage\":\"es\",\"@id\":\"https:\\\/\\\/el-perico.com\\\/es\\\/serrato-encuentra-un-balance-como-musico-y-educador\\\/#primaryimage\",\"url\":\"\",\"contentUrl\":\"\"},{\"@type\":\"BreadcrumbList\",\"@id\":\"https:\\\/\\\/el-perico.com\\\/es\\\/serrato-encuentra-un-balance-como-musico-y-educador\\\/#breadcrumb\",\"itemListElement\":[{\"@type\":\"ListItem\",\"position\":1,\"name\":\"Home\",\"item\":\"https:\\\/\\\/el-perico.com\\\/es\\\/\"},{\"@type\":\"ListItem\",\"position\":2,\"name\":\"Serrato encuentra un balance como m\u00fasico y educador\"}]},{\"@type\":\"WebSite\",\"@id\":\"https:\\\/\\\/el-perico.com\\\/es\\\/#website\",\"url\":\"https:\\\/\\\/el-perico.com\\\/es\\\/\",\"name\":\"el perico\",\"description\":\"La plataforma original de noticias e informaci\u00f3n para la comunidad hispana de Omaha\",\"publisher\":{\"@id\":\"https:\\\/\\\/el-perico.com\\\/es\\\/#organization\"},\"potentialAction\":[{\"@type\":\"SearchAction\",\"target\":{\"@type\":\"EntryPoint\",\"urlTemplate\":\"https:\\\/\\\/el-perico.com\\\/es\\\/?s={search_term_string}\"},\"query-input\":{\"@type\":\"PropertyValueSpecification\",\"valueRequired\":true,\"valueName\":\"search_term_string\"}}],\"inLanguage\":\"es\"},{\"@type\":\"Organization\",\"@id\":\"https:\\\/\\\/el-perico.com\\\/es\\\/#organization\",\"name\":\"el perico\",\"url\":\"https:\\\/\\\/el-perico.com\\\/es\\\/\",\"logo\":{\"@type\":\"ImageObject\",\"inLanguage\":\"es\",\"@id\":\"https:\\\/\\\/el-perico.com\\\/es\\\/#\\\/schema\\\/logo\\\/image\\\/\",\"url\":\"https:\\\/\\\/el-perico.com\\\/wp-content\\\/uploads\\\/2024\\\/05\\\/ElPerico-Logo_NPM-1-e1717102187440.png\",\"contentUrl\":\"https:\\\/\\\/el-perico.com\\\/wp-content\\\/uploads\\\/2024\\\/05\\\/ElPerico-Logo_NPM-1-e1717102187440.png\",\"width\":648,\"height\":216,\"caption\":\"el perico\"},\"image\":{\"@id\":\"https:\\\/\\\/el-perico.com\\\/es\\\/#\\\/schema\\\/logo\\\/image\\\/\"},\"sameAs\":[\"https:\\\/\\\/www.facebook.com\\\/elpericoomaha\"]},{\"@type\":\"Person\",\"@id\":\"https:\\\/\\\/el-perico.com\\\/es\\\/#\\\/schema\\\/person\\\/1956e5e63b94d4bd0daf30675bdf4a93\",\"name\":\"El Perico Staff\",\"image\":{\"@type\":\"ImageObject\",\"inLanguage\":\"es\",\"@id\":\"https:\\\/\\\/secure.gravatar.com\\\/avatar\\\/701b23c665bfde9fd4d874d31feb4c16bf2ac173b2b0b7224dc39896d4cfc381?s=96&d=mm&r=g80b2efc5844e688a6ffb9340c789e4c4\",\"url\":\"https:\\\/\\\/secure.gravatar.com\\\/avatar\\\/701b23c665bfde9fd4d874d31feb4c16bf2ac173b2b0b7224dc39896d4cfc381?s=96&d=mm&r=g\",\"contentUrl\":\"https:\\\/\\\/secure.gravatar.com\\\/avatar\\\/701b23c665bfde9fd4d874d31feb4c16bf2ac173b2b0b7224dc39896d4cfc381?s=96&d=mm&r=g\",\"caption\":\"El Perico Staff\"},\"sameAs\":[\"https:\\\/\\\/el-perico.com\"],\"url\":\"https:\\\/\\\/el-perico.com\\\/es\\\/author\\\/af6f1d62_admin\\\/\"}]}<\/script>\n<!-- \/ Yoast SEO plugin. -->","yoast_head_json":{"title":"Serrato encuentra un balance como m\u00fasico y educador - el perico","robots":{"index":"index","follow":"follow","max-snippet":"max-snippet:-1","max-image-preview":"max-image-preview:large","max-video-preview":"max-video-preview:-1"},"canonical":"https:\/\/el-perico.com\/es\/serrato-encuentra-un-balance-como-musico-y-educador\/","og_locale":"es_ES","og_type":"article","og_title":"Serrato encuentra un balance como m\u00fasico y educador - el perico","og_description":"Elevadores de granos y no rascacielos es lo que Paul Serrato aprecia fuera de su hogar ahora que el pianista-compositor ha regresado a Omaha despu\u00e9s de varias d\u00e9cadas en la ciudad de Nueva York. Serrato era m\u00fasico de sesi\u00f3n, solista y l\u00edder de un grupo musical en Nueva York. Cuando no estaba tocando, el visitaba [&hellip;]","og_url":"https:\/\/el-perico.com\/es\/serrato-encuentra-un-balance-como-musico-y-educador\/","og_site_name":"el perico","article_publisher":"https:\/\/www.facebook.com\/elpericoomaha","article_published_time":"2019-03-05T15:36:47+00:00","article_modified_time":"2022-03-25T02:23:05+00:00","author":"El Perico Staff","twitter_card":"summary_large_image","twitter_misc":{"Escrito por":"El Perico Staff","Tiempo de lectura":"6 minutos","Written by":"El Perico Staff"},"schema":{"@context":"https:\/\/schema.org","@graph":[{"@type":"Article","@id":"https:\/\/el-perico.com\/es\/serrato-encuentra-un-balance-como-musico-y-educador\/#article","isPartOf":{"@id":"https:\/\/el-perico.com\/es\/serrato-encuentra-un-balance-como-musico-y-educador\/"},"author":{"name":"El Perico Staff","@id":"https:\/\/el-perico.com\/es\/#\/schema\/person\/1956e5e63b94d4bd0daf30675bdf4a93"},"headline":"Serrato encuentra un balance como m\u00fasico y educador","datePublished":"2019-03-05T15:36:47+00:00","dateModified":"2022-03-25T02:23:05+00:00","mainEntityOfPage":{"@id":"https:\/\/el-perico.com\/es\/serrato-encuentra-un-balance-como-musico-y-educador\/"},"wordCount":1269,"commentCount":0,"publisher":{"@id":"https:\/\/el-perico.com\/es\/#organization"},"image":{"@id":"https:\/\/el-perico.com\/es\/serrato-encuentra-un-balance-como-musico-y-educador\/#primaryimage"},"thumbnailUrl":"","articleSection":["Comunidad","Cultura"],"inLanguage":"es","potentialAction":[{"@type":"CommentAction","name":"Comment","target":["https:\/\/el-perico.com\/es\/serrato-encuentra-un-balance-como-musico-y-educador\/#respond"]}]},{"@type":"WebPage","@id":"https:\/\/el-perico.com\/es\/serrato-encuentra-un-balance-como-musico-y-educador\/","url":"https:\/\/el-perico.com\/es\/serrato-encuentra-un-balance-como-musico-y-educador\/","name":"Serrato encuentra un balance como m\u00fasico y educador - el perico","isPartOf":{"@id":"https:\/\/el-perico.com\/es\/#website"},"primaryImageOfPage":{"@id":"https:\/\/el-perico.com\/es\/serrato-encuentra-un-balance-como-musico-y-educador\/#primaryimage"},"image":{"@id":"https:\/\/el-perico.com\/es\/serrato-encuentra-un-balance-como-musico-y-educador\/#primaryimage"},"thumbnailUrl":"","datePublished":"2019-03-05T15:36:47+00:00","dateModified":"2022-03-25T02:23:05+00:00","breadcrumb":{"@id":"https:\/\/el-perico.com\/es\/serrato-encuentra-un-balance-como-musico-y-educador\/#breadcrumb"},"inLanguage":"es","potentialAction":[{"@type":"ReadAction","target":["https:\/\/el-perico.com\/es\/serrato-encuentra-un-balance-como-musico-y-educador\/"]}]},{"@type":"ImageObject","inLanguage":"es","@id":"https:\/\/el-perico.com\/es\/serrato-encuentra-un-balance-como-musico-y-educador\/#primaryimage","url":"","contentUrl":""},{"@type":"BreadcrumbList","@id":"https:\/\/el-perico.com\/es\/serrato-encuentra-un-balance-como-musico-y-educador\/#breadcrumb","itemListElement":[{"@type":"ListItem","position":1,"name":"Home","item":"https:\/\/el-perico.com\/es\/"},{"@type":"ListItem","position":2,"name":"Serrato encuentra un balance como m\u00fasico y educador"}]},{"@type":"WebSite","@id":"https:\/\/el-perico.com\/es\/#website","url":"https:\/\/el-perico.com\/es\/","name":"el perico","description":"La plataforma original de noticias e informaci\u00f3n para la comunidad hispana de Omaha","publisher":{"@id":"https:\/\/el-perico.com\/es\/#organization"},"potentialAction":[{"@type":"SearchAction","target":{"@type":"EntryPoint","urlTemplate":"https:\/\/el-perico.com\/es\/?s={search_term_string}"},"query-input":{"@type":"PropertyValueSpecification","valueRequired":true,"valueName":"search_term_string"}}],"inLanguage":"es"},{"@type":"Organization","@id":"https:\/\/el-perico.com\/es\/#organization","name":"el perico","url":"https:\/\/el-perico.com\/es\/","logo":{"@type":"ImageObject","inLanguage":"es","@id":"https:\/\/el-perico.com\/es\/#\/schema\/logo\/image\/","url":"https:\/\/el-perico.com\/wp-content\/uploads\/2024\/05\/ElPerico-Logo_NPM-1-e1717102187440.png","contentUrl":"https:\/\/el-perico.com\/wp-content\/uploads\/2024\/05\/ElPerico-Logo_NPM-1-e1717102187440.png","width":648,"height":216,"caption":"el perico"},"image":{"@id":"https:\/\/el-perico.com\/es\/#\/schema\/logo\/image\/"},"sameAs":["https:\/\/www.facebook.com\/elpericoomaha"]},{"@type":"Person","@id":"https:\/\/el-perico.com\/es\/#\/schema\/person\/1956e5e63b94d4bd0daf30675bdf4a93","name":"El Perico Staff","image":{"@type":"ImageObject","inLanguage":"es","@id":"https:\/\/secure.gravatar.com\/avatar\/701b23c665bfde9fd4d874d31feb4c16bf2ac173b2b0b7224dc39896d4cfc381?s=96&d=mm&r=g80b2efc5844e688a6ffb9340c789e4c4","url":"https:\/\/secure.gravatar.com\/avatar\/701b23c665bfde9fd4d874d31feb4c16bf2ac173b2b0b7224dc39896d4cfc381?s=96&d=mm&r=g","contentUrl":"https:\/\/secure.gravatar.com\/avatar\/701b23c665bfde9fd4d874d31feb4c16bf2ac173b2b0b7224dc39896d4cfc381?s=96&d=mm&r=g","caption":"El Perico Staff"},"sameAs":["https:\/\/el-perico.com"],"url":"https:\/\/el-perico.com\/es\/author\/af6f1d62_admin\/"}]}},"_links":{"self":[{"href":"https:\/\/el-perico.com\/es\/wp-json\/wp\/v2\/posts\/1575","targetHints":{"allow":["GET"]}}],"collection":[{"href":"https:\/\/el-perico.com\/es\/wp-json\/wp\/v2\/posts"}],"about":[{"href":"https:\/\/el-perico.com\/es\/wp-json\/wp\/v2\/types\/post"}],"author":[{"embeddable":true,"href":"https:\/\/el-perico.com\/es\/wp-json\/wp\/v2\/users\/1"}],"replies":[{"embeddable":true,"href":"https:\/\/el-perico.com\/es\/wp-json\/wp\/v2\/comments?post=1575"}],"version-history":[{"count":1,"href":"https:\/\/el-perico.com\/es\/wp-json\/wp\/v2\/posts\/1575\/revisions"}],"predecessor-version":[{"id":6816,"href":"https:\/\/el-perico.com\/es\/wp-json\/wp\/v2\/posts\/1575\/revisions\/6816"}],"wp:featuredmedia":[{"embeddable":true,"href":"https:\/\/el-perico.com\/es\/wp-json\/"}],"wp:attachment":[{"href":"https:\/\/el-perico.com\/es\/wp-json\/wp\/v2\/media?parent=1575"}],"wp:term":[{"taxonomy":"category","embeddable":true,"href":"https:\/\/el-perico.com\/es\/wp-json\/wp\/v2\/categories?post=1575"},{"taxonomy":"post_tag","embeddable":true,"href":"https:\/\/el-perico.com\/es\/wp-json\/wp\/v2\/tags?post=1575"},{"taxonomy":"newspack_spnsrs_tax","embeddable":true,"href":"https:\/\/el-perico.com\/es\/wp-json\/wp\/v2\/newspack_spnsrs_tax?post=1575"},{"taxonomy":"author","embeddable":true,"href":"https:\/\/el-perico.com\/es\/wp-json\/wp\/v2\/coauthors?post=1575"}],"curies":[{"name":"wp","href":"https:\/\/api.w.org\/{rel}","templated":true}]}}