{"id":1067,"date":"2018-03-09T23:19:09","date_gmt":"2018-03-09T23:19:09","guid":{"rendered":"https:\/\/el-perico.kaageg0-liquidwebsites.com\/?p=1067"},"modified":"2018-03-09T23:19:09","modified_gmt":"2018-03-09T23:19:09","slug":"sobrevivientes-de-cancer-en-la-semana-de-la-moda-en-omaha","status":"publish","type":"post","link":"https:\/\/el-perico.com\/es\/sobrevivientes-de-cancer-en-la-semana-de-la-moda-en-omaha\/","title":{"rendered":"Sobrevivientes de Cancer en la Semana de la Moda en Omaha"},"content":{"rendered":"<p>Nuevamente llego la temporada en la cual se llenan las pasarelas de modas con los mejores dise\u00f1adores y modelos de la regi\u00f3n. Se trata del Omaha Fashion Week, que de forma especial decidi\u00f3 dedicar un d\u00eda de sus actividades para presentar a un grupo de guerreros que le han ganado la batalla al c\u00e1ncer.<br \/>\nEsta iniciativa tubo como objetivo principal motivar a los que actualmente est\u00e1n padeciendo de alg\u00fan tipo de c\u00e1ncer, present\u00e1ndoles a m\u00e1s de 150 modelos, entre hombres y mujeres de diversas edades que han logrado convertirse en sobrevivientes de c\u00e1ncer.<br \/>\nDe hecho, as\u00ed es como se denomino a esta actividad: Methodist Cancer Survivor Show.<br \/>\nEl segundo objetivo del evento fue recaudar fondos en beneficio de el sal\u00f3n de belleza Inner Beauty, localizado en el interior del Centro de Cancerolog\u00eda Eastabrook, del Methodist Hospital en Omaha, cuya labor de imagen y belleza permite mejorar la autoestima de aquellos pacientes que buscan sus servicios.<br \/>\nEste tipo de servicios es vital para aquellas personas que, debido a los efectos secundarios de los medicamentos, ven afectada su piel, cabello y u\u00f1as.<br \/>\nDe ah\u00ed que esta iniciativa sea tan bien recibida y concurrida. Basta decir que el evento abarrot\u00f3 las dos mil entradas que se pusieron a la venta, para asistir al Omaha Design Center, lugar sede del Omaha Fashion Week.<br \/>\nAs\u00ed, sobre la alfombra roja del evento desfilaron aquellos modelos invitados de forma especial, para ataviarse con las lineas de ropa que diversas tiendas de renombre les proporcionaron, logrando as\u00ed brillar m\u00e1s fuertemente esa noche, celebrando la moda, el glamour y sobre todo la nueva oportunidad de vida que actualmente disfrutan.<br \/>\nSu festejo incluyo a familiares y amigos, pero sobre todo incluyo el reiterado llamado un\u00edsono y emotivo para alentar, consolar y apoyar a aquellos que aun se encuentran en la lucha contra el c\u00e1ncer.<br \/>\nBuena Suerte a todos.<\/p>\n","protected":false},"excerpt":{"rendered":"<p>Nuevamente llego la temporada en la cual se llenan las pasarelas de modas con los mejores dise\u00f1adores y modelos de la regi\u00f3n. Se trata del Omaha Fashion Week, que de forma especial decidi\u00f3 dedicar un d\u00eda de sus actividades para presentar a un grupo de guerreros que le han ganado la batalla al c\u00e1ncer. Esta [&hellip;]<\/p>\n","protected":false},"author":1,"featured_media":1068,"comment_status":"open","ping_status":"closed","sticky":false,"template":"","format":"standard","meta":{"newspack_ads_suppress_ads":false,"_newspack_byline_active":false,"_newspack_byline":"","newspack_hide_updated_date":false,"newspack_show_updated_date":false,"newspack_content_restriction_is_exempt":false,"newspack_featured_image_position":"","newspack_post_subtitle":"","newspack_article_summary_title":"Overview:","newspack_article_summary":"","footnotes":""},"categories":[3],"tags":[],"newspack_spnsrs_tax":[],"coauthors":[],"class_list":["post-1067","post","type-post","status-publish","format-standard","has-post-thumbnail","hentry","category-general","entry"],"yoast_head":"<!-- This site is optimized with the Yoast SEO plugin v27.5 - https:\/\/yoast.com\/product\/yoast-seo-wordpress\/ -->\n<title>Sobrevivientes de Cancer en la Semana de la Moda en Omaha - el perico<\/title>\n<meta name=\"robots\" content=\"index, follow, max-snippet:-1, max-image-preview:large, max-video-preview:-1\" \/>\n<link rel=\"canonical\" href=\"https:\/\/el-perico.com\/es\/sobrevivientes-de-cancer-en-la-semana-de-la-moda-en-omaha\/\" \/>\n<meta property=\"og:locale\" content=\"es_ES\" \/>\n<meta property=\"og:type\" content=\"article\" \/>\n<meta property=\"og:title\" content=\"Sobrevivientes de Cancer en la Semana de la Moda en Omaha - el perico\" \/>\n<meta property=\"og:description\" content=\"Nuevamente llego la temporada en la cual se llenan las pasarelas de modas con los mejores dise\u00f1adores y modelos de la regi\u00f3n. Se trata del Omaha Fashion Week, que de forma especial decidi\u00f3 dedicar un d\u00eda de sus actividades para presentar a un grupo de guerreros que le han ganado la batalla al c\u00e1ncer. Esta [&hellip;]\" \/>\n<meta property=\"og:url\" content=\"https:\/\/el-perico.com\/es\/sobrevivientes-de-cancer-en-la-semana-de-la-moda-en-omaha\/\" \/>\n<meta property=\"og:site_name\" content=\"el perico\" \/>\n<meta property=\"article:publisher\" content=\"https:\/\/www.facebook.com\/elpericoomaha\" \/>\n<meta property=\"article:published_time\" content=\"2018-03-09T23:19:09+00:00\" \/>\n<meta name=\"author\" content=\"El Perico Staff\" \/>\n<meta name=\"twitter:card\" content=\"summary_large_image\" \/>\n<meta name=\"twitter:label1\" content=\"Escrito por\" \/>\n\t<meta name=\"twitter:data1\" content=\"El Perico Staff\" \/>\n\t<meta name=\"twitter:label2\" content=\"Tiempo de lectura\" \/>\n\t<meta name=\"twitter:data2\" content=\"2 minutos\" \/>\n\t<meta name=\"twitter:label3\" content=\"Written by\" \/>\n\t<meta name=\"twitter:data3\" content=\"El Perico Staff\" \/>\n<script type=\"application\/ld+json\" class=\"yoast-schema-graph\">{\"@context\":\"https:\\\/\\\/schema.org\",\"@graph\":[{\"@type\":\"Article\",\"@id\":\"https:\\\/\\\/el-perico.com\\\/es\\\/sobrevivientes-de-cancer-en-la-semana-de-la-moda-en-omaha\\\/#article\",\"isPartOf\":{\"@id\":\"https:\\\/\\\/el-perico.com\\\/es\\\/sobrevivientes-de-cancer-en-la-semana-de-la-moda-en-omaha\\\/\"},\"author\":{\"name\":\"El Perico Staff\",\"@id\":\"https:\\\/\\\/el-perico.com\\\/es\\\/#\\\/schema\\\/person\\\/1956e5e63b94d4bd0daf30675bdf4a93\"},\"headline\":\"Sobrevivientes de Cancer en la Semana de la Moda en Omaha\",\"datePublished\":\"2018-03-09T23:19:09+00:00\",\"mainEntityOfPage\":{\"@id\":\"https:\\\/\\\/el-perico.com\\\/es\\\/sobrevivientes-de-cancer-en-la-semana-de-la-moda-en-omaha\\\/\"},\"wordCount\":334,\"commentCount\":0,\"publisher\":{\"@id\":\"https:\\\/\\\/el-perico.com\\\/es\\\/#organization\"},\"image\":{\"@id\":\"https:\\\/\\\/el-perico.com\\\/es\\\/sobrevivientes-de-cancer-en-la-semana-de-la-moda-en-omaha\\\/#primaryimage\"},\"thumbnailUrl\":\"\",\"articleSection\":[\"General\"],\"inLanguage\":\"es\",\"potentialAction\":[{\"@type\":\"CommentAction\",\"name\":\"Comment\",\"target\":[\"https:\\\/\\\/el-perico.com\\\/es\\\/sobrevivientes-de-cancer-en-la-semana-de-la-moda-en-omaha\\\/#respond\"]}]},{\"@type\":\"WebPage\",\"@id\":\"https:\\\/\\\/el-perico.com\\\/es\\\/sobrevivientes-de-cancer-en-la-semana-de-la-moda-en-omaha\\\/\",\"url\":\"https:\\\/\\\/el-perico.com\\\/es\\\/sobrevivientes-de-cancer-en-la-semana-de-la-moda-en-omaha\\\/\",\"name\":\"Sobrevivientes de Cancer en la Semana de la Moda en Omaha - el perico\",\"isPartOf\":{\"@id\":\"https:\\\/\\\/el-perico.com\\\/es\\\/#website\"},\"primaryImageOfPage\":{\"@id\":\"https:\\\/\\\/el-perico.com\\\/es\\\/sobrevivientes-de-cancer-en-la-semana-de-la-moda-en-omaha\\\/#primaryimage\"},\"image\":{\"@id\":\"https:\\\/\\\/el-perico.com\\\/es\\\/sobrevivientes-de-cancer-en-la-semana-de-la-moda-en-omaha\\\/#primaryimage\"},\"thumbnailUrl\":\"\",\"datePublished\":\"2018-03-09T23:19:09+00:00\",\"breadcrumb\":{\"@id\":\"https:\\\/\\\/el-perico.com\\\/es\\\/sobrevivientes-de-cancer-en-la-semana-de-la-moda-en-omaha\\\/#breadcrumb\"},\"inLanguage\":\"es\",\"potentialAction\":[{\"@type\":\"ReadAction\",\"target\":[\"https:\\\/\\\/el-perico.com\\\/es\\\/sobrevivientes-de-cancer-en-la-semana-de-la-moda-en-omaha\\\/\"]}]},{\"@type\":\"ImageObject\",\"inLanguage\":\"es\",\"@id\":\"https:\\\/\\\/el-perico.com\\\/es\\\/sobrevivientes-de-cancer-en-la-semana-de-la-moda-en-omaha\\\/#primaryimage\",\"url\":\"\",\"contentUrl\":\"\"},{\"@type\":\"BreadcrumbList\",\"@id\":\"https:\\\/\\\/el-perico.com\\\/es\\\/sobrevivientes-de-cancer-en-la-semana-de-la-moda-en-omaha\\\/#breadcrumb\",\"itemListElement\":[{\"@type\":\"ListItem\",\"position\":1,\"name\":\"Home\",\"item\":\"https:\\\/\\\/el-perico.com\\\/es\\\/\"},{\"@type\":\"ListItem\",\"position\":2,\"name\":\"Sobrevivientes de Cancer en la Semana de la Moda en Omaha\"}]},{\"@type\":\"WebSite\",\"@id\":\"https:\\\/\\\/el-perico.com\\\/es\\\/#website\",\"url\":\"https:\\\/\\\/el-perico.com\\\/es\\\/\",\"name\":\"el perico\",\"description\":\"La plataforma original de noticias e informaci\u00f3n para la comunidad hispana de Omaha\",\"publisher\":{\"@id\":\"https:\\\/\\\/el-perico.com\\\/es\\\/#organization\"},\"potentialAction\":[{\"@type\":\"SearchAction\",\"target\":{\"@type\":\"EntryPoint\",\"urlTemplate\":\"https:\\\/\\\/el-perico.com\\\/es\\\/?s={search_term_string}\"},\"query-input\":{\"@type\":\"PropertyValueSpecification\",\"valueRequired\":true,\"valueName\":\"search_term_string\"}}],\"inLanguage\":\"es\"},{\"@type\":\"Organization\",\"@id\":\"https:\\\/\\\/el-perico.com\\\/es\\\/#organization\",\"name\":\"el perico\",\"url\":\"https:\\\/\\\/el-perico.com\\\/es\\\/\",\"logo\":{\"@type\":\"ImageObject\",\"inLanguage\":\"es\",\"@id\":\"https:\\\/\\\/el-perico.com\\\/es\\\/#\\\/schema\\\/logo\\\/image\\\/\",\"url\":\"https:\\\/\\\/el-perico.com\\\/wp-content\\\/uploads\\\/2024\\\/05\\\/ElPerico-Logo_NPM-1-e1717102187440.png\",\"contentUrl\":\"https:\\\/\\\/el-perico.com\\\/wp-content\\\/uploads\\\/2024\\\/05\\\/ElPerico-Logo_NPM-1-e1717102187440.png\",\"width\":648,\"height\":216,\"caption\":\"el perico\"},\"image\":{\"@id\":\"https:\\\/\\\/el-perico.com\\\/es\\\/#\\\/schema\\\/logo\\\/image\\\/\"},\"sameAs\":[\"https:\\\/\\\/www.facebook.com\\\/elpericoomaha\"]},{\"@type\":\"Person\",\"@id\":\"https:\\\/\\\/el-perico.com\\\/es\\\/#\\\/schema\\\/person\\\/1956e5e63b94d4bd0daf30675bdf4a93\",\"name\":\"El Perico Staff\",\"image\":{\"@type\":\"ImageObject\",\"inLanguage\":\"es\",\"@id\":\"https:\\\/\\\/secure.gravatar.com\\\/avatar\\\/701b23c665bfde9fd4d874d31feb4c16bf2ac173b2b0b7224dc39896d4cfc381?s=96&d=mm&r=g80b2efc5844e688a6ffb9340c789e4c4\",\"url\":\"https:\\\/\\\/secure.gravatar.com\\\/avatar\\\/701b23c665bfde9fd4d874d31feb4c16bf2ac173b2b0b7224dc39896d4cfc381?s=96&d=mm&r=g\",\"contentUrl\":\"https:\\\/\\\/secure.gravatar.com\\\/avatar\\\/701b23c665bfde9fd4d874d31feb4c16bf2ac173b2b0b7224dc39896d4cfc381?s=96&d=mm&r=g\",\"caption\":\"El Perico Staff\"},\"sameAs\":[\"https:\\\/\\\/el-perico.com\"],\"url\":\"https:\\\/\\\/el-perico.com\\\/es\\\/author\\\/af6f1d62_admin\\\/\"}]}<\/script>\n<!-- \/ Yoast SEO plugin. -->","yoast_head_json":{"title":"Sobrevivientes de Cancer en la Semana de la Moda en Omaha - el perico","robots":{"index":"index","follow":"follow","max-snippet":"max-snippet:-1","max-image-preview":"max-image-preview:large","max-video-preview":"max-video-preview:-1"},"canonical":"https:\/\/el-perico.com\/es\/sobrevivientes-de-cancer-en-la-semana-de-la-moda-en-omaha\/","og_locale":"es_ES","og_type":"article","og_title":"Sobrevivientes de Cancer en la Semana de la Moda en Omaha - el perico","og_description":"Nuevamente llego la temporada en la cual se llenan las pasarelas de modas con los mejores dise\u00f1adores y modelos de la regi\u00f3n. Se trata del Omaha Fashion Week, que de forma especial decidi\u00f3 dedicar un d\u00eda de sus actividades para presentar a un grupo de guerreros que le han ganado la batalla al c\u00e1ncer. Esta [&hellip;]","og_url":"https:\/\/el-perico.com\/es\/sobrevivientes-de-cancer-en-la-semana-de-la-moda-en-omaha\/","og_site_name":"el perico","article_publisher":"https:\/\/www.facebook.com\/elpericoomaha","article_published_time":"2018-03-09T23:19:09+00:00","author":"El Perico Staff","twitter_card":"summary_large_image","twitter_misc":{"Escrito por":"El Perico Staff","Tiempo de lectura":"2 minutos","Written by":"El Perico Staff"},"schema":{"@context":"https:\/\/schema.org","@graph":[{"@type":"Article","@id":"https:\/\/el-perico.com\/es\/sobrevivientes-de-cancer-en-la-semana-de-la-moda-en-omaha\/#article","isPartOf":{"@id":"https:\/\/el-perico.com\/es\/sobrevivientes-de-cancer-en-la-semana-de-la-moda-en-omaha\/"},"author":{"name":"El Perico Staff","@id":"https:\/\/el-perico.com\/es\/#\/schema\/person\/1956e5e63b94d4bd0daf30675bdf4a93"},"headline":"Sobrevivientes de Cancer en la Semana de la Moda en Omaha","datePublished":"2018-03-09T23:19:09+00:00","mainEntityOfPage":{"@id":"https:\/\/el-perico.com\/es\/sobrevivientes-de-cancer-en-la-semana-de-la-moda-en-omaha\/"},"wordCount":334,"commentCount":0,"publisher":{"@id":"https:\/\/el-perico.com\/es\/#organization"},"image":{"@id":"https:\/\/el-perico.com\/es\/sobrevivientes-de-cancer-en-la-semana-de-la-moda-en-omaha\/#primaryimage"},"thumbnailUrl":"","articleSection":["General"],"inLanguage":"es","potentialAction":[{"@type":"CommentAction","name":"Comment","target":["https:\/\/el-perico.com\/es\/sobrevivientes-de-cancer-en-la-semana-de-la-moda-en-omaha\/#respond"]}]},{"@type":"WebPage","@id":"https:\/\/el-perico.com\/es\/sobrevivientes-de-cancer-en-la-semana-de-la-moda-en-omaha\/","url":"https:\/\/el-perico.com\/es\/sobrevivientes-de-cancer-en-la-semana-de-la-moda-en-omaha\/","name":"Sobrevivientes de Cancer en la Semana de la Moda en Omaha - el perico","isPartOf":{"@id":"https:\/\/el-perico.com\/es\/#website"},"primaryImageOfPage":{"@id":"https:\/\/el-perico.com\/es\/sobrevivientes-de-cancer-en-la-semana-de-la-moda-en-omaha\/#primaryimage"},"image":{"@id":"https:\/\/el-perico.com\/es\/sobrevivientes-de-cancer-en-la-semana-de-la-moda-en-omaha\/#primaryimage"},"thumbnailUrl":"","datePublished":"2018-03-09T23:19:09+00:00","breadcrumb":{"@id":"https:\/\/el-perico.com\/es\/sobrevivientes-de-cancer-en-la-semana-de-la-moda-en-omaha\/#breadcrumb"},"inLanguage":"es","potentialAction":[{"@type":"ReadAction","target":["https:\/\/el-perico.com\/es\/sobrevivientes-de-cancer-en-la-semana-de-la-moda-en-omaha\/"]}]},{"@type":"ImageObject","inLanguage":"es","@id":"https:\/\/el-perico.com\/es\/sobrevivientes-de-cancer-en-la-semana-de-la-moda-en-omaha\/#primaryimage","url":"","contentUrl":""},{"@type":"BreadcrumbList","@id":"https:\/\/el-perico.com\/es\/sobrevivientes-de-cancer-en-la-semana-de-la-moda-en-omaha\/#breadcrumb","itemListElement":[{"@type":"ListItem","position":1,"name":"Home","item":"https:\/\/el-perico.com\/es\/"},{"@type":"ListItem","position":2,"name":"Sobrevivientes de Cancer en la Semana de la Moda en Omaha"}]},{"@type":"WebSite","@id":"https:\/\/el-perico.com\/es\/#website","url":"https:\/\/el-perico.com\/es\/","name":"el perico","description":"La plataforma original de noticias e informaci\u00f3n para la comunidad hispana de Omaha","publisher":{"@id":"https:\/\/el-perico.com\/es\/#organization"},"potentialAction":[{"@type":"SearchAction","target":{"@type":"EntryPoint","urlTemplate":"https:\/\/el-perico.com\/es\/?s={search_term_string}"},"query-input":{"@type":"PropertyValueSpecification","valueRequired":true,"valueName":"search_term_string"}}],"inLanguage":"es"},{"@type":"Organization","@id":"https:\/\/el-perico.com\/es\/#organization","name":"el perico","url":"https:\/\/el-perico.com\/es\/","logo":{"@type":"ImageObject","inLanguage":"es","@id":"https:\/\/el-perico.com\/es\/#\/schema\/logo\/image\/","url":"https:\/\/el-perico.com\/wp-content\/uploads\/2024\/05\/ElPerico-Logo_NPM-1-e1717102187440.png","contentUrl":"https:\/\/el-perico.com\/wp-content\/uploads\/2024\/05\/ElPerico-Logo_NPM-1-e1717102187440.png","width":648,"height":216,"caption":"el perico"},"image":{"@id":"https:\/\/el-perico.com\/es\/#\/schema\/logo\/image\/"},"sameAs":["https:\/\/www.facebook.com\/elpericoomaha"]},{"@type":"Person","@id":"https:\/\/el-perico.com\/es\/#\/schema\/person\/1956e5e63b94d4bd0daf30675bdf4a93","name":"El Perico Staff","image":{"@type":"ImageObject","inLanguage":"es","@id":"https:\/\/secure.gravatar.com\/avatar\/701b23c665bfde9fd4d874d31feb4c16bf2ac173b2b0b7224dc39896d4cfc381?s=96&d=mm&r=g80b2efc5844e688a6ffb9340c789e4c4","url":"https:\/\/secure.gravatar.com\/avatar\/701b23c665bfde9fd4d874d31feb4c16bf2ac173b2b0b7224dc39896d4cfc381?s=96&d=mm&r=g","contentUrl":"https:\/\/secure.gravatar.com\/avatar\/701b23c665bfde9fd4d874d31feb4c16bf2ac173b2b0b7224dc39896d4cfc381?s=96&d=mm&r=g","caption":"El Perico Staff"},"sameAs":["https:\/\/el-perico.com"],"url":"https:\/\/el-perico.com\/es\/author\/af6f1d62_admin\/"}]}},"_links":{"self":[{"href":"https:\/\/el-perico.com\/es\/wp-json\/wp\/v2\/posts\/1067","targetHints":{"allow":["GET"]}}],"collection":[{"href":"https:\/\/el-perico.com\/es\/wp-json\/wp\/v2\/posts"}],"about":[{"href":"https:\/\/el-perico.com\/es\/wp-json\/wp\/v2\/types\/post"}],"author":[{"embeddable":true,"href":"https:\/\/el-perico.com\/es\/wp-json\/wp\/v2\/users\/1"}],"replies":[{"embeddable":true,"href":"https:\/\/el-perico.com\/es\/wp-json\/wp\/v2\/comments?post=1067"}],"version-history":[{"count":0,"href":"https:\/\/el-perico.com\/es\/wp-json\/wp\/v2\/posts\/1067\/revisions"}],"wp:featuredmedia":[{"embeddable":true,"href":"https:\/\/el-perico.com\/es\/wp-json\/"}],"wp:attachment":[{"href":"https:\/\/el-perico.com\/es\/wp-json\/wp\/v2\/media?parent=1067"}],"wp:term":[{"taxonomy":"category","embeddable":true,"href":"https:\/\/el-perico.com\/es\/wp-json\/wp\/v2\/categories?post=1067"},{"taxonomy":"post_tag","embeddable":true,"href":"https:\/\/el-perico.com\/es\/wp-json\/wp\/v2\/tags?post=1067"},{"taxonomy":"newspack_spnsrs_tax","embeddable":true,"href":"https:\/\/el-perico.com\/es\/wp-json\/wp\/v2\/newspack_spnsrs_tax?post=1067"},{"taxonomy":"author","embeddable":true,"href":"https:\/\/el-perico.com\/es\/wp-json\/wp\/v2\/coauthors?post=1067"}],"curies":[{"name":"wp","href":"https:\/\/api.w.org\/{rel}","templated":true}]}}