{"id":1054,"date":"2018-02-28T01:18:52","date_gmt":"2018-02-28T01:18:52","guid":{"rendered":"https:\/\/el-perico.kaageg0-liquidwebsites.com\/?p=1054"},"modified":"2018-02-28T01:18:52","modified_gmt":"2018-02-28T01:18:52","slug":"tucanes-de-tijuana-en-omaha","status":"publish","type":"post","link":"https:\/\/el-perico.com\/es\/tucanes-de-tijuana-en-omaha\/","title":{"rendered":"Tucanes de Tijuana en Omaha"},"content":{"rendered":"<p><span style=\"font-weight: 400;\">Con \u00a0gran \u00e9xito se presentan en la ciudad de Omaha Los Tucanes de Tijuana, inaugurando as\u00ed la serie de conciertos que estar\u00e1 ofreciendo Zamora Live.<\/span><br \/>\n<span style=\"font-weight: 400;\">Su ausencia por m\u00e1s de 3 a\u00f1os se not\u00f3. De ah\u00ed la buena respuesta que hubo en taquilla por parte de los seguidores de Los Pap\u00e1s de Los Pollitos, quienes ovacionaron con gran alegr\u00eda todos los \u00e9xitos que han distinguido a esta agrupaci\u00f3n, tales como el corrido de \u201cPanchito El F1\u201d, uno de sus tema m\u00e1s recientes que ya figuran en la lista de sus cl\u00e1sicos, junto a La chica sexy, Suena la banda, Todo tuyo, Mis tres viejas, Mis tres animales, Amor plat\u00f3nico, 365 d\u00edas, Espejeando, Secuestro de amor, El tucanazo, entre otras.<\/span><br \/>\n<span style=\"font-weight: 400;\">El quinteto originario del estado de Sinaloa, se ha caracterizado \u00faltimamente por la pol\u00e9mica que ha generado el gusto por interpretar algunos corridos, que hacen alusi\u00f3n a metanfetaminas, sin embargo, \u201cla m\u00fasica te da la posibilidad de hacer lo que uno cree correcto, pero que sobre todo le permite a uno como m\u00fasico sentirse complacido al poder tocar, componer, cantar y pisar el escenario\u201d, dijo Mario Quintero Lara, vocalista en dicha agrupaci\u00f3n.<\/span><br \/>\n<span style=\"font-weight: 400;\">Tambi\u00e9n mencion\u00f3: \u201cLa m\u00fasica regional mexicana se esta diversificando mucho y las diversas variaciones que est\u00e1n surgiendo nos permiten enriquecer el genero. Nosotros tenemos muchos amigos m\u00fasico que nos llaman y nos piden consejos o nos invitan a cantar, lo cual nos emociona y nos da la posibilidad de tener m\u00e1s repertorio para presentar en lugares como Omaha\u201d.<\/span><br \/>\n<span style=\"font-weight: 400;\">Con m\u00e1s de 30 a\u00f1os de trayectoria y casi 40 discos grabados, Los Tucanes de Tijuana siguen siendo de los grupos m\u00e1s exitosos, no solo interpretando sino tambi\u00e9n componiendo.<\/span><br \/>\n<span style=\"font-weight: 400;\">\u201cTengo m\u00e1s de 500 canciones escritas y m\u00e1s de 100 grupos han grabado mis canciones, lo cual me inspira para seguir trabajando y dando lo mejor para alegrar a todos los seguidores que han hecho que estemos en el lugar \u00a0privilegiado que tenemos en este momento, lo cual agradecemos en cada concierto que brindamos. gracias y que Dios los bendiga\u201d, culmin\u00f3 Quintero.<\/span><\/p>\n","protected":false},"excerpt":{"rendered":"<p>Con \u00a0gran \u00e9xito se presentan en la ciudad de Omaha Los Tucanes de Tijuana, inaugurando as\u00ed la serie de conciertos que estar\u00e1 ofreciendo Zamora Live. Su ausencia por m\u00e1s de 3 a\u00f1os se not\u00f3. De ah\u00ed la buena respuesta que hubo en taquilla por parte de los seguidores de Los Pap\u00e1s de Los Pollitos, quienes [&hellip;]<\/p>\n","protected":false},"author":1,"featured_media":1055,"comment_status":"open","ping_status":"closed","sticky":false,"template":"","format":"standard","meta":{"newspack_ads_suppress_ads":false,"_newspack_byline_active":false,"_newspack_byline":"","newspack_hide_updated_date":false,"newspack_show_updated_date":false,"newspack_content_restriction_is_exempt":false,"newspack_featured_image_position":"","newspack_post_subtitle":"","newspack_article_summary_title":"Overview:","newspack_article_summary":"","footnotes":""},"categories":[3],"tags":[],"newspack_spnsrs_tax":[],"coauthors":[],"class_list":["post-1054","post","type-post","status-publish","format-standard","has-post-thumbnail","hentry","category-general","entry"],"yoast_head":"<!-- This site is optimized with the Yoast SEO plugin v27.5 - https:\/\/yoast.com\/product\/yoast-seo-wordpress\/ -->\n<title>Tucanes de Tijuana en Omaha - el perico<\/title>\n<meta name=\"robots\" content=\"index, follow, max-snippet:-1, max-image-preview:large, max-video-preview:-1\" \/>\n<link rel=\"canonical\" href=\"https:\/\/el-perico.com\/es\/tucanes-de-tijuana-en-omaha\/\" \/>\n<meta property=\"og:locale\" content=\"es_ES\" \/>\n<meta property=\"og:type\" content=\"article\" \/>\n<meta property=\"og:title\" content=\"Tucanes de Tijuana en Omaha - el perico\" \/>\n<meta property=\"og:description\" content=\"Con \u00a0gran \u00e9xito se presentan en la ciudad de Omaha Los Tucanes de Tijuana, inaugurando as\u00ed la serie de conciertos que estar\u00e1 ofreciendo Zamora Live. Su ausencia por m\u00e1s de 3 a\u00f1os se not\u00f3. De ah\u00ed la buena respuesta que hubo en taquilla por parte de los seguidores de Los Pap\u00e1s de Los Pollitos, quienes [&hellip;]\" \/>\n<meta property=\"og:url\" content=\"https:\/\/el-perico.com\/es\/tucanes-de-tijuana-en-omaha\/\" \/>\n<meta property=\"og:site_name\" content=\"el perico\" \/>\n<meta property=\"article:publisher\" content=\"https:\/\/www.facebook.com\/elpericoomaha\" \/>\n<meta property=\"article:published_time\" content=\"2018-02-28T01:18:52+00:00\" \/>\n<meta name=\"author\" content=\"El Perico Staff\" \/>\n<meta name=\"twitter:card\" content=\"summary_large_image\" \/>\n<meta name=\"twitter:label1\" content=\"Escrito por\" \/>\n\t<meta name=\"twitter:data1\" content=\"El Perico Staff\" \/>\n\t<meta name=\"twitter:label2\" content=\"Tiempo de lectura\" \/>\n\t<meta name=\"twitter:data2\" content=\"2 minutos\" \/>\n\t<meta name=\"twitter:label3\" content=\"Written by\" \/>\n\t<meta name=\"twitter:data3\" content=\"El Perico Staff\" \/>\n<script type=\"application\/ld+json\" class=\"yoast-schema-graph\">{\"@context\":\"https:\\\/\\\/schema.org\",\"@graph\":[{\"@type\":\"Article\",\"@id\":\"https:\\\/\\\/el-perico.com\\\/es\\\/tucanes-de-tijuana-en-omaha\\\/#article\",\"isPartOf\":{\"@id\":\"https:\\\/\\\/el-perico.com\\\/es\\\/tucanes-de-tijuana-en-omaha\\\/\"},\"author\":{\"name\":\"El Perico Staff\",\"@id\":\"https:\\\/\\\/el-perico.com\\\/es\\\/#\\\/schema\\\/person\\\/1956e5e63b94d4bd0daf30675bdf4a93\"},\"headline\":\"Tucanes de Tijuana en Omaha\",\"datePublished\":\"2018-02-28T01:18:52+00:00\",\"mainEntityOfPage\":{\"@id\":\"https:\\\/\\\/el-perico.com\\\/es\\\/tucanes-de-tijuana-en-omaha\\\/\"},\"wordCount\":364,\"commentCount\":0,\"publisher\":{\"@id\":\"https:\\\/\\\/el-perico.com\\\/es\\\/#organization\"},\"image\":{\"@id\":\"https:\\\/\\\/el-perico.com\\\/es\\\/tucanes-de-tijuana-en-omaha\\\/#primaryimage\"},\"thumbnailUrl\":\"\",\"articleSection\":[\"General\"],\"inLanguage\":\"es\",\"potentialAction\":[{\"@type\":\"CommentAction\",\"name\":\"Comment\",\"target\":[\"https:\\\/\\\/el-perico.com\\\/es\\\/tucanes-de-tijuana-en-omaha\\\/#respond\"]}]},{\"@type\":\"WebPage\",\"@id\":\"https:\\\/\\\/el-perico.com\\\/es\\\/tucanes-de-tijuana-en-omaha\\\/\",\"url\":\"https:\\\/\\\/el-perico.com\\\/es\\\/tucanes-de-tijuana-en-omaha\\\/\",\"name\":\"Tucanes de Tijuana en Omaha - el perico\",\"isPartOf\":{\"@id\":\"https:\\\/\\\/el-perico.com\\\/es\\\/#website\"},\"primaryImageOfPage\":{\"@id\":\"https:\\\/\\\/el-perico.com\\\/es\\\/tucanes-de-tijuana-en-omaha\\\/#primaryimage\"},\"image\":{\"@id\":\"https:\\\/\\\/el-perico.com\\\/es\\\/tucanes-de-tijuana-en-omaha\\\/#primaryimage\"},\"thumbnailUrl\":\"\",\"datePublished\":\"2018-02-28T01:18:52+00:00\",\"breadcrumb\":{\"@id\":\"https:\\\/\\\/el-perico.com\\\/es\\\/tucanes-de-tijuana-en-omaha\\\/#breadcrumb\"},\"inLanguage\":\"es\",\"potentialAction\":[{\"@type\":\"ReadAction\",\"target\":[\"https:\\\/\\\/el-perico.com\\\/es\\\/tucanes-de-tijuana-en-omaha\\\/\"]}]},{\"@type\":\"ImageObject\",\"inLanguage\":\"es\",\"@id\":\"https:\\\/\\\/el-perico.com\\\/es\\\/tucanes-de-tijuana-en-omaha\\\/#primaryimage\",\"url\":\"\",\"contentUrl\":\"\"},{\"@type\":\"BreadcrumbList\",\"@id\":\"https:\\\/\\\/el-perico.com\\\/es\\\/tucanes-de-tijuana-en-omaha\\\/#breadcrumb\",\"itemListElement\":[{\"@type\":\"ListItem\",\"position\":1,\"name\":\"Home\",\"item\":\"https:\\\/\\\/el-perico.com\\\/es\\\/\"},{\"@type\":\"ListItem\",\"position\":2,\"name\":\"Tucanes de Tijuana en Omaha\"}]},{\"@type\":\"WebSite\",\"@id\":\"https:\\\/\\\/el-perico.com\\\/es\\\/#website\",\"url\":\"https:\\\/\\\/el-perico.com\\\/es\\\/\",\"name\":\"el perico\",\"description\":\"La plataforma original de noticias e informaci\u00f3n para la comunidad hispana de Omaha\",\"publisher\":{\"@id\":\"https:\\\/\\\/el-perico.com\\\/es\\\/#organization\"},\"potentialAction\":[{\"@type\":\"SearchAction\",\"target\":{\"@type\":\"EntryPoint\",\"urlTemplate\":\"https:\\\/\\\/el-perico.com\\\/es\\\/?s={search_term_string}\"},\"query-input\":{\"@type\":\"PropertyValueSpecification\",\"valueRequired\":true,\"valueName\":\"search_term_string\"}}],\"inLanguage\":\"es\"},{\"@type\":\"Organization\",\"@id\":\"https:\\\/\\\/el-perico.com\\\/es\\\/#organization\",\"name\":\"el perico\",\"url\":\"https:\\\/\\\/el-perico.com\\\/es\\\/\",\"logo\":{\"@type\":\"ImageObject\",\"inLanguage\":\"es\",\"@id\":\"https:\\\/\\\/el-perico.com\\\/es\\\/#\\\/schema\\\/logo\\\/image\\\/\",\"url\":\"https:\\\/\\\/el-perico.com\\\/wp-content\\\/uploads\\\/2024\\\/05\\\/ElPerico-Logo_NPM-1-e1717102187440.png\",\"contentUrl\":\"https:\\\/\\\/el-perico.com\\\/wp-content\\\/uploads\\\/2024\\\/05\\\/ElPerico-Logo_NPM-1-e1717102187440.png\",\"width\":648,\"height\":216,\"caption\":\"el perico\"},\"image\":{\"@id\":\"https:\\\/\\\/el-perico.com\\\/es\\\/#\\\/schema\\\/logo\\\/image\\\/\"},\"sameAs\":[\"https:\\\/\\\/www.facebook.com\\\/elpericoomaha\"]},{\"@type\":\"Person\",\"@id\":\"https:\\\/\\\/el-perico.com\\\/es\\\/#\\\/schema\\\/person\\\/1956e5e63b94d4bd0daf30675bdf4a93\",\"name\":\"El Perico Staff\",\"image\":{\"@type\":\"ImageObject\",\"inLanguage\":\"es\",\"@id\":\"https:\\\/\\\/secure.gravatar.com\\\/avatar\\\/701b23c665bfde9fd4d874d31feb4c16bf2ac173b2b0b7224dc39896d4cfc381?s=96&d=mm&r=g80b2efc5844e688a6ffb9340c789e4c4\",\"url\":\"https:\\\/\\\/secure.gravatar.com\\\/avatar\\\/701b23c665bfde9fd4d874d31feb4c16bf2ac173b2b0b7224dc39896d4cfc381?s=96&d=mm&r=g\",\"contentUrl\":\"https:\\\/\\\/secure.gravatar.com\\\/avatar\\\/701b23c665bfde9fd4d874d31feb4c16bf2ac173b2b0b7224dc39896d4cfc381?s=96&d=mm&r=g\",\"caption\":\"El Perico Staff\"},\"sameAs\":[\"https:\\\/\\\/el-perico.com\"],\"url\":\"https:\\\/\\\/el-perico.com\\\/es\\\/author\\\/af6f1d62_admin\\\/\"}]}<\/script>\n<!-- \/ Yoast SEO plugin. -->","yoast_head_json":{"title":"Tucanes de Tijuana en Omaha - el perico","robots":{"index":"index","follow":"follow","max-snippet":"max-snippet:-1","max-image-preview":"max-image-preview:large","max-video-preview":"max-video-preview:-1"},"canonical":"https:\/\/el-perico.com\/es\/tucanes-de-tijuana-en-omaha\/","og_locale":"es_ES","og_type":"article","og_title":"Tucanes de Tijuana en Omaha - el perico","og_description":"Con \u00a0gran \u00e9xito se presentan en la ciudad de Omaha Los Tucanes de Tijuana, inaugurando as\u00ed la serie de conciertos que estar\u00e1 ofreciendo Zamora Live. Su ausencia por m\u00e1s de 3 a\u00f1os se not\u00f3. De ah\u00ed la buena respuesta que hubo en taquilla por parte de los seguidores de Los Pap\u00e1s de Los Pollitos, quienes [&hellip;]","og_url":"https:\/\/el-perico.com\/es\/tucanes-de-tijuana-en-omaha\/","og_site_name":"el perico","article_publisher":"https:\/\/www.facebook.com\/elpericoomaha","article_published_time":"2018-02-28T01:18:52+00:00","author":"El Perico Staff","twitter_card":"summary_large_image","twitter_misc":{"Escrito por":"El Perico Staff","Tiempo de lectura":"2 minutos","Written by":"El Perico Staff"},"schema":{"@context":"https:\/\/schema.org","@graph":[{"@type":"Article","@id":"https:\/\/el-perico.com\/es\/tucanes-de-tijuana-en-omaha\/#article","isPartOf":{"@id":"https:\/\/el-perico.com\/es\/tucanes-de-tijuana-en-omaha\/"},"author":{"name":"El Perico Staff","@id":"https:\/\/el-perico.com\/es\/#\/schema\/person\/1956e5e63b94d4bd0daf30675bdf4a93"},"headline":"Tucanes de Tijuana en Omaha","datePublished":"2018-02-28T01:18:52+00:00","mainEntityOfPage":{"@id":"https:\/\/el-perico.com\/es\/tucanes-de-tijuana-en-omaha\/"},"wordCount":364,"commentCount":0,"publisher":{"@id":"https:\/\/el-perico.com\/es\/#organization"},"image":{"@id":"https:\/\/el-perico.com\/es\/tucanes-de-tijuana-en-omaha\/#primaryimage"},"thumbnailUrl":"","articleSection":["General"],"inLanguage":"es","potentialAction":[{"@type":"CommentAction","name":"Comment","target":["https:\/\/el-perico.com\/es\/tucanes-de-tijuana-en-omaha\/#respond"]}]},{"@type":"WebPage","@id":"https:\/\/el-perico.com\/es\/tucanes-de-tijuana-en-omaha\/","url":"https:\/\/el-perico.com\/es\/tucanes-de-tijuana-en-omaha\/","name":"Tucanes de Tijuana en Omaha - el perico","isPartOf":{"@id":"https:\/\/el-perico.com\/es\/#website"},"primaryImageOfPage":{"@id":"https:\/\/el-perico.com\/es\/tucanes-de-tijuana-en-omaha\/#primaryimage"},"image":{"@id":"https:\/\/el-perico.com\/es\/tucanes-de-tijuana-en-omaha\/#primaryimage"},"thumbnailUrl":"","datePublished":"2018-02-28T01:18:52+00:00","breadcrumb":{"@id":"https:\/\/el-perico.com\/es\/tucanes-de-tijuana-en-omaha\/#breadcrumb"},"inLanguage":"es","potentialAction":[{"@type":"ReadAction","target":["https:\/\/el-perico.com\/es\/tucanes-de-tijuana-en-omaha\/"]}]},{"@type":"ImageObject","inLanguage":"es","@id":"https:\/\/el-perico.com\/es\/tucanes-de-tijuana-en-omaha\/#primaryimage","url":"","contentUrl":""},{"@type":"BreadcrumbList","@id":"https:\/\/el-perico.com\/es\/tucanes-de-tijuana-en-omaha\/#breadcrumb","itemListElement":[{"@type":"ListItem","position":1,"name":"Home","item":"https:\/\/el-perico.com\/es\/"},{"@type":"ListItem","position":2,"name":"Tucanes de Tijuana en Omaha"}]},{"@type":"WebSite","@id":"https:\/\/el-perico.com\/es\/#website","url":"https:\/\/el-perico.com\/es\/","name":"el perico","description":"La plataforma original de noticias e informaci\u00f3n para la comunidad hispana de Omaha","publisher":{"@id":"https:\/\/el-perico.com\/es\/#organization"},"potentialAction":[{"@type":"SearchAction","target":{"@type":"EntryPoint","urlTemplate":"https:\/\/el-perico.com\/es\/?s={search_term_string}"},"query-input":{"@type":"PropertyValueSpecification","valueRequired":true,"valueName":"search_term_string"}}],"inLanguage":"es"},{"@type":"Organization","@id":"https:\/\/el-perico.com\/es\/#organization","name":"el perico","url":"https:\/\/el-perico.com\/es\/","logo":{"@type":"ImageObject","inLanguage":"es","@id":"https:\/\/el-perico.com\/es\/#\/schema\/logo\/image\/","url":"https:\/\/el-perico.com\/wp-content\/uploads\/2024\/05\/ElPerico-Logo_NPM-1-e1717102187440.png","contentUrl":"https:\/\/el-perico.com\/wp-content\/uploads\/2024\/05\/ElPerico-Logo_NPM-1-e1717102187440.png","width":648,"height":216,"caption":"el perico"},"image":{"@id":"https:\/\/el-perico.com\/es\/#\/schema\/logo\/image\/"},"sameAs":["https:\/\/www.facebook.com\/elpericoomaha"]},{"@type":"Person","@id":"https:\/\/el-perico.com\/es\/#\/schema\/person\/1956e5e63b94d4bd0daf30675bdf4a93","name":"El Perico Staff","image":{"@type":"ImageObject","inLanguage":"es","@id":"https:\/\/secure.gravatar.com\/avatar\/701b23c665bfde9fd4d874d31feb4c16bf2ac173b2b0b7224dc39896d4cfc381?s=96&d=mm&r=g80b2efc5844e688a6ffb9340c789e4c4","url":"https:\/\/secure.gravatar.com\/avatar\/701b23c665bfde9fd4d874d31feb4c16bf2ac173b2b0b7224dc39896d4cfc381?s=96&d=mm&r=g","contentUrl":"https:\/\/secure.gravatar.com\/avatar\/701b23c665bfde9fd4d874d31feb4c16bf2ac173b2b0b7224dc39896d4cfc381?s=96&d=mm&r=g","caption":"El Perico Staff"},"sameAs":["https:\/\/el-perico.com"],"url":"https:\/\/el-perico.com\/es\/author\/af6f1d62_admin\/"}]}},"_links":{"self":[{"href":"https:\/\/el-perico.com\/es\/wp-json\/wp\/v2\/posts\/1054","targetHints":{"allow":["GET"]}}],"collection":[{"href":"https:\/\/el-perico.com\/es\/wp-json\/wp\/v2\/posts"}],"about":[{"href":"https:\/\/el-perico.com\/es\/wp-json\/wp\/v2\/types\/post"}],"author":[{"embeddable":true,"href":"https:\/\/el-perico.com\/es\/wp-json\/wp\/v2\/users\/1"}],"replies":[{"embeddable":true,"href":"https:\/\/el-perico.com\/es\/wp-json\/wp\/v2\/comments?post=1054"}],"version-history":[{"count":0,"href":"https:\/\/el-perico.com\/es\/wp-json\/wp\/v2\/posts\/1054\/revisions"}],"wp:featuredmedia":[{"embeddable":true,"href":"https:\/\/el-perico.com\/es\/wp-json\/"}],"wp:attachment":[{"href":"https:\/\/el-perico.com\/es\/wp-json\/wp\/v2\/media?parent=1054"}],"wp:term":[{"taxonomy":"category","embeddable":true,"href":"https:\/\/el-perico.com\/es\/wp-json\/wp\/v2\/categories?post=1054"},{"taxonomy":"post_tag","embeddable":true,"href":"https:\/\/el-perico.com\/es\/wp-json\/wp\/v2\/tags?post=1054"},{"taxonomy":"newspack_spnsrs_tax","embeddable":true,"href":"https:\/\/el-perico.com\/es\/wp-json\/wp\/v2\/newspack_spnsrs_tax?post=1054"},{"taxonomy":"author","embeddable":true,"href":"https:\/\/el-perico.com\/es\/wp-json\/wp\/v2\/coauthors?post=1054"}],"curies":[{"name":"wp","href":"https:\/\/api.w.org\/{rel}","templated":true}]}}