{"id":1041,"date":"2018-02-10T00:15:15","date_gmt":"2018-02-10T00:15:15","guid":{"rendered":"https:\/\/el-perico.kaageg0-liquidwebsites.com\/?p=1041"},"modified":"2018-02-10T00:15:15","modified_gmt":"2018-02-10T00:15:15","slug":"gran-pasarela-de-quinceaneras-en-oak-view-mall","status":"publish","type":"post","link":"https:\/\/el-perico.com\/es\/gran-pasarela-de-quinceaneras-en-oak-view-mall\/","title":{"rendered":"Gran Pasarela de Quincea\u00f1eras en Oak View Mall"},"content":{"rendered":"<p><span style=\"font-weight: 400;\">Nunca antes se ha realizado una pasarela de modas en el coraz\u00f3n de Oak View Mall y esta ser\u00e1 la mejor que se haya realizado en la regi\u00f3n, seg\u00fan manifiestan los organizadores de este evento que felices dicen que ser\u00e1 tambi\u00e9n el primer evento Latino que se haga en dicho lugar.<\/span><br \/>\n<span style=\"font-weight: 400;\">El Palacio de la Quincea\u00f1era fue el negocio que tomo la iniciativa que presentar un espacio para modelos que lucieran las nuevas tendencias en vestidos de jovencitas pr\u00f3ximas a celebrar su cumplea\u00f1os o bien a festejar su graduaci\u00f3n. <\/span><br \/>\n<span style=\"font-weight: 400;\">De acuerdo con la gerencia de Oak View Mall, esto ser\u00e1 \u201c\u00fanico, hist\u00f3rico y espectacular\u201d, por que todo el centro comercial estar presente para apoyar esta iniciativa que promete convertirse en una tradici\u00f3n de modas.<\/span><br \/>\n<span style=\"font-weight: 400;\">El concepto ser\u00e1 muy profesional, tanto en vestuario, como en maquillaje y peinado. Las modelos participantes son j\u00f3venes que an muchos de los casos no han tenido antes la oportunidad de figurar en este tipo de presentaciones, por lo cual El Palacio de la Quincea\u00f1era tomo la iniciativa tambi\u00e9n de pagar un entrenamiento intensivo con profesionistas emocionados por dicho acontecimiento.<\/span><br \/>\n<span style=\"font-weight: 400;\">La cita ser\u00e1 este pr\u00f3ximo s\u00e1bado 17 de febrero, en punto de las 2 de la tarde en el centro de Oak View Mall. La entrada es p\u00fablica y gratuita. La pasarela ser\u00e1 montada justo enfrente de Younkers y las colecciones que se presentar\u00e1n ser\u00e1 de Ragazza, Morilee y Love21. Como presentaci\u00f3n estelar estar\u00e1n present\u00e1ndose los vestidos de la nueva colecci\u00f3n de Claudette, fant\u00e1stica costura mexicana que recientemente triunfo en pasarelas de Oregon.<\/span><br \/>\n<span style=\"font-weight: 400;\">Sin lugar a dudas, el mundo de la moda y de las pasarelas esta brillando en la ciudad y este es un evento que demuestra la calidad que puede alcanzarse, pero mejor a\u00fan, demuestra los espacio que est\u00e1n abriendo para exponer el trabajo de gente latina que busca cubrir las necesidades de un sector demandante en el gremio de las quincea\u00f1eras. Buena Suerte.<\/span><br \/>\n<span style=\"font-weight: 400;\">Para m\u00e1s informaci\u00f3n sobre este evento, comuniques al <\/span><span style=\"font-weight: 400;\">308.746.4108<\/span><span style=\"font-weight: 400;\"> o visite www.elpalaciodelaquincea\u00f1era.com<\/span><\/p>\n","protected":false},"excerpt":{"rendered":"<p>Nunca antes se ha realizado una pasarela de modas en el coraz\u00f3n de Oak View Mall y esta ser\u00e1 la mejor que se haya realizado en la regi\u00f3n, seg\u00fan manifiestan los organizadores de este evento que felices dicen que ser\u00e1 tambi\u00e9n el primer evento Latino que se haga en dicho lugar. El Palacio de la [&hellip;]<\/p>\n","protected":false},"author":1,"featured_media":1042,"comment_status":"open","ping_status":"closed","sticky":false,"template":"","format":"standard","meta":{"newspack_ads_suppress_ads":false,"_newspack_byline_active":false,"_newspack_byline":"","newspack_hide_updated_date":false,"newspack_show_updated_date":false,"newspack_content_restriction_is_exempt":false,"newspack_featured_image_position":"","newspack_post_subtitle":"","newspack_article_summary_title":"Overview:","newspack_article_summary":"","footnotes":""},"categories":[1],"tags":[],"newspack_spnsrs_tax":[],"coauthors":[],"class_list":["post-1041","post","type-post","status-publish","format-standard","has-post-thumbnail","hentry","category-uncategorized","entry"],"yoast_head":"<!-- This site is optimized with the Yoast SEO plugin v27.5 - https:\/\/yoast.com\/product\/yoast-seo-wordpress\/ -->\n<title>Gran Pasarela de Quincea\u00f1eras en Oak View Mall - el perico<\/title>\n<meta name=\"robots\" content=\"index, follow, max-snippet:-1, max-image-preview:large, max-video-preview:-1\" \/>\n<link rel=\"canonical\" href=\"https:\/\/el-perico.com\/es\/gran-pasarela-de-quinceaneras-en-oak-view-mall\/\" \/>\n<meta property=\"og:locale\" content=\"es_ES\" \/>\n<meta property=\"og:type\" content=\"article\" \/>\n<meta property=\"og:title\" content=\"Gran Pasarela de Quincea\u00f1eras en Oak View Mall - el perico\" \/>\n<meta property=\"og:description\" content=\"Nunca antes se ha realizado una pasarela de modas en el coraz\u00f3n de Oak View Mall y esta ser\u00e1 la mejor que se haya realizado en la regi\u00f3n, seg\u00fan manifiestan los organizadores de este evento que felices dicen que ser\u00e1 tambi\u00e9n el primer evento Latino que se haga en dicho lugar. El Palacio de la [&hellip;]\" \/>\n<meta property=\"og:url\" content=\"https:\/\/el-perico.com\/es\/gran-pasarela-de-quinceaneras-en-oak-view-mall\/\" \/>\n<meta property=\"og:site_name\" content=\"el perico\" \/>\n<meta property=\"article:publisher\" content=\"https:\/\/www.facebook.com\/elpericoomaha\" \/>\n<meta property=\"article:published_time\" content=\"2018-02-10T00:15:15+00:00\" \/>\n<meta name=\"author\" content=\"El Perico Staff\" \/>\n<meta name=\"twitter:card\" content=\"summary_large_image\" \/>\n<meta name=\"twitter:label1\" content=\"Escrito por\" \/>\n\t<meta name=\"twitter:data1\" content=\"El Perico Staff\" \/>\n\t<meta name=\"twitter:label2\" content=\"Tiempo de lectura\" \/>\n\t<meta name=\"twitter:data2\" content=\"2 minutos\" \/>\n\t<meta name=\"twitter:label3\" content=\"Written by\" \/>\n\t<meta name=\"twitter:data3\" content=\"El Perico Staff\" \/>\n<script type=\"application\/ld+json\" class=\"yoast-schema-graph\">{\"@context\":\"https:\\\/\\\/schema.org\",\"@graph\":[{\"@type\":\"Article\",\"@id\":\"https:\\\/\\\/el-perico.com\\\/es\\\/gran-pasarela-de-quinceaneras-en-oak-view-mall\\\/#article\",\"isPartOf\":{\"@id\":\"https:\\\/\\\/el-perico.com\\\/es\\\/gran-pasarela-de-quinceaneras-en-oak-view-mall\\\/\"},\"author\":{\"name\":\"El Perico Staff\",\"@id\":\"https:\\\/\\\/el-perico.com\\\/es\\\/#\\\/schema\\\/person\\\/1956e5e63b94d4bd0daf30675bdf4a93\"},\"headline\":\"Gran Pasarela de Quincea\u00f1eras en Oak View Mall\",\"datePublished\":\"2018-02-10T00:15:15+00:00\",\"mainEntityOfPage\":{\"@id\":\"https:\\\/\\\/el-perico.com\\\/es\\\/gran-pasarela-de-quinceaneras-en-oak-view-mall\\\/\"},\"wordCount\":368,\"commentCount\":0,\"publisher\":{\"@id\":\"https:\\\/\\\/el-perico.com\\\/es\\\/#organization\"},\"image\":{\"@id\":\"https:\\\/\\\/el-perico.com\\\/es\\\/gran-pasarela-de-quinceaneras-en-oak-view-mall\\\/#primaryimage\"},\"thumbnailUrl\":\"\",\"articleSection\":[\"Uncategorized\"],\"inLanguage\":\"es\",\"potentialAction\":[{\"@type\":\"CommentAction\",\"name\":\"Comment\",\"target\":[\"https:\\\/\\\/el-perico.com\\\/es\\\/gran-pasarela-de-quinceaneras-en-oak-view-mall\\\/#respond\"]}]},{\"@type\":\"WebPage\",\"@id\":\"https:\\\/\\\/el-perico.com\\\/es\\\/gran-pasarela-de-quinceaneras-en-oak-view-mall\\\/\",\"url\":\"https:\\\/\\\/el-perico.com\\\/es\\\/gran-pasarela-de-quinceaneras-en-oak-view-mall\\\/\",\"name\":\"Gran Pasarela de Quincea\u00f1eras en Oak View Mall - el perico\",\"isPartOf\":{\"@id\":\"https:\\\/\\\/el-perico.com\\\/es\\\/#website\"},\"primaryImageOfPage\":{\"@id\":\"https:\\\/\\\/el-perico.com\\\/es\\\/gran-pasarela-de-quinceaneras-en-oak-view-mall\\\/#primaryimage\"},\"image\":{\"@id\":\"https:\\\/\\\/el-perico.com\\\/es\\\/gran-pasarela-de-quinceaneras-en-oak-view-mall\\\/#primaryimage\"},\"thumbnailUrl\":\"\",\"datePublished\":\"2018-02-10T00:15:15+00:00\",\"breadcrumb\":{\"@id\":\"https:\\\/\\\/el-perico.com\\\/es\\\/gran-pasarela-de-quinceaneras-en-oak-view-mall\\\/#breadcrumb\"},\"inLanguage\":\"es\",\"potentialAction\":[{\"@type\":\"ReadAction\",\"target\":[\"https:\\\/\\\/el-perico.com\\\/es\\\/gran-pasarela-de-quinceaneras-en-oak-view-mall\\\/\"]}]},{\"@type\":\"ImageObject\",\"inLanguage\":\"es\",\"@id\":\"https:\\\/\\\/el-perico.com\\\/es\\\/gran-pasarela-de-quinceaneras-en-oak-view-mall\\\/#primaryimage\",\"url\":\"\",\"contentUrl\":\"\"},{\"@type\":\"BreadcrumbList\",\"@id\":\"https:\\\/\\\/el-perico.com\\\/es\\\/gran-pasarela-de-quinceaneras-en-oak-view-mall\\\/#breadcrumb\",\"itemListElement\":[{\"@type\":\"ListItem\",\"position\":1,\"name\":\"Home\",\"item\":\"https:\\\/\\\/el-perico.com\\\/es\\\/\"},{\"@type\":\"ListItem\",\"position\":2,\"name\":\"Gran Pasarela de Quincea\u00f1eras en Oak View Mall\"}]},{\"@type\":\"WebSite\",\"@id\":\"https:\\\/\\\/el-perico.com\\\/es\\\/#website\",\"url\":\"https:\\\/\\\/el-perico.com\\\/es\\\/\",\"name\":\"el perico\",\"description\":\"La plataforma original de noticias e informaci\u00f3n para la comunidad hispana de Omaha\",\"publisher\":{\"@id\":\"https:\\\/\\\/el-perico.com\\\/es\\\/#organization\"},\"potentialAction\":[{\"@type\":\"SearchAction\",\"target\":{\"@type\":\"EntryPoint\",\"urlTemplate\":\"https:\\\/\\\/el-perico.com\\\/es\\\/?s={search_term_string}\"},\"query-input\":{\"@type\":\"PropertyValueSpecification\",\"valueRequired\":true,\"valueName\":\"search_term_string\"}}],\"inLanguage\":\"es\"},{\"@type\":\"Organization\",\"@id\":\"https:\\\/\\\/el-perico.com\\\/es\\\/#organization\",\"name\":\"el perico\",\"url\":\"https:\\\/\\\/el-perico.com\\\/es\\\/\",\"logo\":{\"@type\":\"ImageObject\",\"inLanguage\":\"es\",\"@id\":\"https:\\\/\\\/el-perico.com\\\/es\\\/#\\\/schema\\\/logo\\\/image\\\/\",\"url\":\"https:\\\/\\\/el-perico.com\\\/wp-content\\\/uploads\\\/2024\\\/05\\\/ElPerico-Logo_NPM-1-e1717102187440.png\",\"contentUrl\":\"https:\\\/\\\/el-perico.com\\\/wp-content\\\/uploads\\\/2024\\\/05\\\/ElPerico-Logo_NPM-1-e1717102187440.png\",\"width\":648,\"height\":216,\"caption\":\"el perico\"},\"image\":{\"@id\":\"https:\\\/\\\/el-perico.com\\\/es\\\/#\\\/schema\\\/logo\\\/image\\\/\"},\"sameAs\":[\"https:\\\/\\\/www.facebook.com\\\/elpericoomaha\"]},{\"@type\":\"Person\",\"@id\":\"https:\\\/\\\/el-perico.com\\\/es\\\/#\\\/schema\\\/person\\\/1956e5e63b94d4bd0daf30675bdf4a93\",\"name\":\"El Perico Staff\",\"image\":{\"@type\":\"ImageObject\",\"inLanguage\":\"es\",\"@id\":\"https:\\\/\\\/secure.gravatar.com\\\/avatar\\\/701b23c665bfde9fd4d874d31feb4c16bf2ac173b2b0b7224dc39896d4cfc381?s=96&d=mm&r=g80b2efc5844e688a6ffb9340c789e4c4\",\"url\":\"https:\\\/\\\/secure.gravatar.com\\\/avatar\\\/701b23c665bfde9fd4d874d31feb4c16bf2ac173b2b0b7224dc39896d4cfc381?s=96&d=mm&r=g\",\"contentUrl\":\"https:\\\/\\\/secure.gravatar.com\\\/avatar\\\/701b23c665bfde9fd4d874d31feb4c16bf2ac173b2b0b7224dc39896d4cfc381?s=96&d=mm&r=g\",\"caption\":\"El Perico Staff\"},\"sameAs\":[\"https:\\\/\\\/el-perico.com\"],\"url\":\"https:\\\/\\\/el-perico.com\\\/es\\\/author\\\/af6f1d62_admin\\\/\"}]}<\/script>\n<!-- \/ Yoast SEO plugin. -->","yoast_head_json":{"title":"Gran Pasarela de Quincea\u00f1eras en Oak View Mall - el perico","robots":{"index":"index","follow":"follow","max-snippet":"max-snippet:-1","max-image-preview":"max-image-preview:large","max-video-preview":"max-video-preview:-1"},"canonical":"https:\/\/el-perico.com\/es\/gran-pasarela-de-quinceaneras-en-oak-view-mall\/","og_locale":"es_ES","og_type":"article","og_title":"Gran Pasarela de Quincea\u00f1eras en Oak View Mall - el perico","og_description":"Nunca antes se ha realizado una pasarela de modas en el coraz\u00f3n de Oak View Mall y esta ser\u00e1 la mejor que se haya realizado en la regi\u00f3n, seg\u00fan manifiestan los organizadores de este evento que felices dicen que ser\u00e1 tambi\u00e9n el primer evento Latino que se haga en dicho lugar. El Palacio de la [&hellip;]","og_url":"https:\/\/el-perico.com\/es\/gran-pasarela-de-quinceaneras-en-oak-view-mall\/","og_site_name":"el perico","article_publisher":"https:\/\/www.facebook.com\/elpericoomaha","article_published_time":"2018-02-10T00:15:15+00:00","author":"El Perico Staff","twitter_card":"summary_large_image","twitter_misc":{"Escrito por":"El Perico Staff","Tiempo de lectura":"2 minutos","Written by":"El Perico Staff"},"schema":{"@context":"https:\/\/schema.org","@graph":[{"@type":"Article","@id":"https:\/\/el-perico.com\/es\/gran-pasarela-de-quinceaneras-en-oak-view-mall\/#article","isPartOf":{"@id":"https:\/\/el-perico.com\/es\/gran-pasarela-de-quinceaneras-en-oak-view-mall\/"},"author":{"name":"El Perico Staff","@id":"https:\/\/el-perico.com\/es\/#\/schema\/person\/1956e5e63b94d4bd0daf30675bdf4a93"},"headline":"Gran Pasarela de Quincea\u00f1eras en Oak View Mall","datePublished":"2018-02-10T00:15:15+00:00","mainEntityOfPage":{"@id":"https:\/\/el-perico.com\/es\/gran-pasarela-de-quinceaneras-en-oak-view-mall\/"},"wordCount":368,"commentCount":0,"publisher":{"@id":"https:\/\/el-perico.com\/es\/#organization"},"image":{"@id":"https:\/\/el-perico.com\/es\/gran-pasarela-de-quinceaneras-en-oak-view-mall\/#primaryimage"},"thumbnailUrl":"","articleSection":["Uncategorized"],"inLanguage":"es","potentialAction":[{"@type":"CommentAction","name":"Comment","target":["https:\/\/el-perico.com\/es\/gran-pasarela-de-quinceaneras-en-oak-view-mall\/#respond"]}]},{"@type":"WebPage","@id":"https:\/\/el-perico.com\/es\/gran-pasarela-de-quinceaneras-en-oak-view-mall\/","url":"https:\/\/el-perico.com\/es\/gran-pasarela-de-quinceaneras-en-oak-view-mall\/","name":"Gran Pasarela de Quincea\u00f1eras en Oak View Mall - el perico","isPartOf":{"@id":"https:\/\/el-perico.com\/es\/#website"},"primaryImageOfPage":{"@id":"https:\/\/el-perico.com\/es\/gran-pasarela-de-quinceaneras-en-oak-view-mall\/#primaryimage"},"image":{"@id":"https:\/\/el-perico.com\/es\/gran-pasarela-de-quinceaneras-en-oak-view-mall\/#primaryimage"},"thumbnailUrl":"","datePublished":"2018-02-10T00:15:15+00:00","breadcrumb":{"@id":"https:\/\/el-perico.com\/es\/gran-pasarela-de-quinceaneras-en-oak-view-mall\/#breadcrumb"},"inLanguage":"es","potentialAction":[{"@type":"ReadAction","target":["https:\/\/el-perico.com\/es\/gran-pasarela-de-quinceaneras-en-oak-view-mall\/"]}]},{"@type":"ImageObject","inLanguage":"es","@id":"https:\/\/el-perico.com\/es\/gran-pasarela-de-quinceaneras-en-oak-view-mall\/#primaryimage","url":"","contentUrl":""},{"@type":"BreadcrumbList","@id":"https:\/\/el-perico.com\/es\/gran-pasarela-de-quinceaneras-en-oak-view-mall\/#breadcrumb","itemListElement":[{"@type":"ListItem","position":1,"name":"Home","item":"https:\/\/el-perico.com\/es\/"},{"@type":"ListItem","position":2,"name":"Gran Pasarela de Quincea\u00f1eras en Oak View Mall"}]},{"@type":"WebSite","@id":"https:\/\/el-perico.com\/es\/#website","url":"https:\/\/el-perico.com\/es\/","name":"el perico","description":"La plataforma original de noticias e informaci\u00f3n para la comunidad hispana de Omaha","publisher":{"@id":"https:\/\/el-perico.com\/es\/#organization"},"potentialAction":[{"@type":"SearchAction","target":{"@type":"EntryPoint","urlTemplate":"https:\/\/el-perico.com\/es\/?s={search_term_string}"},"query-input":{"@type":"PropertyValueSpecification","valueRequired":true,"valueName":"search_term_string"}}],"inLanguage":"es"},{"@type":"Organization","@id":"https:\/\/el-perico.com\/es\/#organization","name":"el perico","url":"https:\/\/el-perico.com\/es\/","logo":{"@type":"ImageObject","inLanguage":"es","@id":"https:\/\/el-perico.com\/es\/#\/schema\/logo\/image\/","url":"https:\/\/el-perico.com\/wp-content\/uploads\/2024\/05\/ElPerico-Logo_NPM-1-e1717102187440.png","contentUrl":"https:\/\/el-perico.com\/wp-content\/uploads\/2024\/05\/ElPerico-Logo_NPM-1-e1717102187440.png","width":648,"height":216,"caption":"el perico"},"image":{"@id":"https:\/\/el-perico.com\/es\/#\/schema\/logo\/image\/"},"sameAs":["https:\/\/www.facebook.com\/elpericoomaha"]},{"@type":"Person","@id":"https:\/\/el-perico.com\/es\/#\/schema\/person\/1956e5e63b94d4bd0daf30675bdf4a93","name":"El Perico Staff","image":{"@type":"ImageObject","inLanguage":"es","@id":"https:\/\/secure.gravatar.com\/avatar\/701b23c665bfde9fd4d874d31feb4c16bf2ac173b2b0b7224dc39896d4cfc381?s=96&d=mm&r=g80b2efc5844e688a6ffb9340c789e4c4","url":"https:\/\/secure.gravatar.com\/avatar\/701b23c665bfde9fd4d874d31feb4c16bf2ac173b2b0b7224dc39896d4cfc381?s=96&d=mm&r=g","contentUrl":"https:\/\/secure.gravatar.com\/avatar\/701b23c665bfde9fd4d874d31feb4c16bf2ac173b2b0b7224dc39896d4cfc381?s=96&d=mm&r=g","caption":"El Perico Staff"},"sameAs":["https:\/\/el-perico.com"],"url":"https:\/\/el-perico.com\/es\/author\/af6f1d62_admin\/"}]}},"_links":{"self":[{"href":"https:\/\/el-perico.com\/es\/wp-json\/wp\/v2\/posts\/1041","targetHints":{"allow":["GET"]}}],"collection":[{"href":"https:\/\/el-perico.com\/es\/wp-json\/wp\/v2\/posts"}],"about":[{"href":"https:\/\/el-perico.com\/es\/wp-json\/wp\/v2\/types\/post"}],"author":[{"embeddable":true,"href":"https:\/\/el-perico.com\/es\/wp-json\/wp\/v2\/users\/1"}],"replies":[{"embeddable":true,"href":"https:\/\/el-perico.com\/es\/wp-json\/wp\/v2\/comments?post=1041"}],"version-history":[{"count":0,"href":"https:\/\/el-perico.com\/es\/wp-json\/wp\/v2\/posts\/1041\/revisions"}],"wp:featuredmedia":[{"embeddable":true,"href":"https:\/\/el-perico.com\/es\/wp-json\/"}],"wp:attachment":[{"href":"https:\/\/el-perico.com\/es\/wp-json\/wp\/v2\/media?parent=1041"}],"wp:term":[{"taxonomy":"category","embeddable":true,"href":"https:\/\/el-perico.com\/es\/wp-json\/wp\/v2\/categories?post=1041"},{"taxonomy":"post_tag","embeddable":true,"href":"https:\/\/el-perico.com\/es\/wp-json\/wp\/v2\/tags?post=1041"},{"taxonomy":"newspack_spnsrs_tax","embeddable":true,"href":"https:\/\/el-perico.com\/es\/wp-json\/wp\/v2\/newspack_spnsrs_tax?post=1041"},{"taxonomy":"author","embeddable":true,"href":"https:\/\/el-perico.com\/es\/wp-json\/wp\/v2\/coauthors?post=1041"}],"curies":[{"name":"wp","href":"https:\/\/api.w.org\/{rel}","templated":true}]}}